{"id":8623,"date":"2015-06-11T08:30:28","date_gmt":"2015-06-11T06:30:28","guid":{"rendered":"http:\/\/www.frankensicht.de\/?p=8623"},"modified":"2015-06-11T08:30:28","modified_gmt":"2015-06-11T06:30:28","slug":"bmel-laedt-laender-zu-staatssekretaersausschuss-tierschutz-ein","status":"publish","type":"post","link":"https:\/\/www.frankensicht.de\/?p=8623","title":{"rendered":"BMEL l\u00e4dt L\u00e4nder zu Staatssekret\u00e4rsausschuss Tierschutz ein"},"content":{"rendered":"<p><span style=\"color: #ff0000;\">Berlin:<\/span><\/p>\n<p>BMEL l\u00e4dt L\u00e4nder zu Staatssekret\u00e4rsausschuss Tierschutz ein<br \/>\nBundesminister Schmidt: \u201eBund und L\u00e4nder m\u00fcssen die Vielzahl der Initiativen im Bereich des Tierwohls eng miteinander verzahnen\u201c<\/p>\n<p>Auf Initiative von Bundesagrarminister Christian Schmidt und unter Leitung von Staatssekret\u00e4r Dr. Robert Kloos beraten heute in Berlin die f\u00fcr den Tierschutz zust\u00e4ndigen Staatssekret\u00e4re und Amtschefs von Bund und L\u00e4ndern erstmalig im BMEL \u00fcber eine Abstimmung ihrer Tierschutzaktivit\u00e4ten.<\/p>\n<p>Aufbauend auf den Aktivit\u00e4ten und Erfahrungen der Tierwohl-Initiative \u201cEine Frage der Haltung\u201c hatte Bundesagrarminister Schmidt anl\u00e4sslich der Agrarministerkonferenz in Bad Homburg im M\u00e4rz 2015 die Einrichtung eines \u201cKoordinierungsausschusses Tierwohl von Bund und L\u00e4ndern\u201c auf Staatssekret\u00e4rsebene vorgeschlagen.<\/p>\n<p><a href=\"https:\/\/www.frankensicht.de\/?attachment_id=6480\" rel=\"attachment wp-att-6480\"><img loading=\"lazy\" decoding=\"async\" class=\"alignnone size-medium wp-image-6480\" src=\"https:\/\/www.frankensicht.de\/wp-content\/uploads\/2013\/12\/P1000339-300x225.jpg\" alt=\"P1000339\" width=\"300\" height=\"225\" srcset=\"https:\/\/www.frankensicht.de\/wp-content\/uploads\/2013\/12\/P1000339-300x225.jpg 300w, https:\/\/www.frankensicht.de\/wp-content\/uploads\/2013\/12\/P1000339.jpg 640w\" sizes=\"auto, (max-width: 300px) 100vw, 300px\" \/><\/a><\/p>\n<p>Im Vorfeld der Auftaktsitzung sagte Schmidt: \u201eMit der Initiative &#8218;Eine Frage der Haltung!&#8216; haben wir Bund, L\u00e4nder, Erzeuger, Industrie, Forschung, Handel und Verbraucher zu einem Pakt der Verantwortung eingeladen. Nachhaltige Erfolge werden wir am Ende nur dann erzielen k\u00f6nnen, wenn wir gemeinsam neue Wege f\u00fcr mehr Tierwohl gehen. Mein Ziel ist es, dass wir mit dem Ausschuss der Staatssekret\u00e4re von Bund und L\u00e4ndern die Vielzahl der politischen Initiativen im Bereich des Tierwohls m\u00f6glichst eng miteinander verzahnen.\u201c<\/p>\n<p>Ein Schwerpunkt der Beratungen wird die Frage der Kleingruppenhaltung von Legehennen sein. Seit dem Wegfall der Detailregelungen f\u00fcr die Kleingruppenhaltung im Jahre 2012 aufgrund eines Beschlusses des Bundesverfassungsgerichts, gelten f\u00fcr die Haltungsform der Kleingruppenhaltung lediglich die allgemeinen tierschutzrechtlichen Vorgaben.<\/p>\n<p>Bund und L\u00e4nder sind sich einig, dass diese Haltungsform auslaufen soll und dass die Fristen f\u00fcr das Auslaufen verfassungsrechtlich abgesichert sein m\u00fcssen. \u201eDie Kleingruppenhaltung ist eindeutig ein Auslaufmodell und ich will hier auch im Interesse der Rechtssicherheit mit den L\u00e4ndern zu einem gemeinsamen Ergebnis kommen\u201c, sagte Schmidt im Vorfeld der Sitzung.<\/p>\n<p>Ein weiteres Thema des Staatssekret\u00e4rsausschuss werden die Forschungsaktivit\u00e4ten von Bund und L\u00e4ndern sein, insbesondere beim Tierschutz in der Schweinehaltung. Dabei geht es auch um die Frage, wie Forschungsergebnisse m\u00f6glichst rasch bundesweit in die betriebliche Praxis umgesetzt werden k\u00f6nnen.<\/p>\n<p>Das BMEL plant im September 2015 zu einer weiteren Sitzung des Staatssekret\u00e4rsausschusses Tierschutz einzuladen.<\/p>\n<p>Quelle:bmel.bund.de<\/p>\n","protected":false},"excerpt":{"rendered":"<p>Berlin: BMEL l\u00e4dt L\u00e4nder zu Staatssekret\u00e4rsausschuss Tierschutz ein Bundesminister Schmidt: \u201eBund und L\u00e4nder m\u00fcssen die Vielzahl der Initiativen im Bereich des Tierwohls eng miteinander verzahnen\u201c Auf Initiative von Bundesagrarminister Christian Schmidt und unter Leitung von Staatssekret\u00e4r Dr. Robert Kloos beraten heute in Berlin die f\u00fcr den Tierschutz zust\u00e4ndigen Staatssekret\u00e4re und Amtschefs von Bund und L\u00e4ndern [&hellip;]<\/p>\n","protected":false},"author":7,"featured_media":6480,"comment_status":"closed","ping_status":"open","sticky":false,"template":"","format":"standard","meta":{"footnotes":""},"categories":[44,3],"tags":[453],"class_list":["post-8623","post","type-post","status-publish","format-standard","has-post-thumbnail","hentry","category-deutschland-2","category-news","tag-tierschutz"],"_links":{"self":[{"href":"https:\/\/www.frankensicht.de\/index.php?rest_route=\/wp\/v2\/posts\/8623","targetHints":{"allow":["GET"]}}],"collection":[{"href":"https:\/\/www.frankensicht.de\/index.php?rest_route=\/wp\/v2\/posts"}],"about":[{"href":"https:\/\/www.frankensicht.de\/index.php?rest_route=\/wp\/v2\/types\/post"}],"author":[{"embeddable":true,"href":"https:\/\/www.frankensicht.de\/index.php?rest_route=\/wp\/v2\/users\/7"}],"replies":[{"embeddable":true,"href":"https:\/\/www.frankensicht.de\/index.php?rest_route=%2Fwp%2Fv2%2Fcomments&post=8623"}],"version-history":[{"count":0,"href":"https:\/\/www.frankensicht.de\/index.php?rest_route=\/wp\/v2\/posts\/8623\/revisions"}],"wp:featuredmedia":[{"embeddable":true,"href":"https:\/\/www.frankensicht.de\/index.php?rest_route=\/wp\/v2\/media\/6480"}],"wp:attachment":[{"href":"https:\/\/www.frankensicht.de\/index.php?rest_route=%2Fwp%2Fv2%2Fmedia&parent=8623"}],"wp:term":[{"taxonomy":"category","embeddable":true,"href":"https:\/\/www.frankensicht.de\/index.php?rest_route=%2Fwp%2Fv2%2Fcategories&post=8623"},{"taxonomy":"post_tag","embeddable":true,"href":"https:\/\/www.frankensicht.de\/index.php?rest_route=%2Fwp%2Fv2%2Ftags&post=8623"}],"curies":[{"name":"wp","href":"https:\/\/api.w.org\/{rel}","templated":true}]}}