{"id":8594,"date":"2015-06-05T08:06:04","date_gmt":"2015-06-05T06:06:04","guid":{"rendered":"http:\/\/www.frankensicht.de\/?p=8594"},"modified":"2015-06-05T08:06:18","modified_gmt":"2015-06-05T06:06:18","slug":"neue-publikation-fakten-zum-deutschen-aussenhandel-2014","status":"publish","type":"post","link":"https:\/\/www.frankensicht.de\/?p=8594","title":{"rendered":"Neue Publikation: Fakten zum deutschen Au\u00dfenhandel 2014"},"content":{"rendered":"<p><span style=\"color: #ff0000;\">Berlin:<\/span><\/p>\n<p>Neue Publikation: Fakten zum deutschen Au\u00dfenhandel 2014<br \/>\nDeutschland hat auch im Jahr 2014 seinen Platz als weltweit drittgr\u00f6\u00dfter<br \/>\nWarenexporteur und -importeur behauptet. Auf 7,2 % stieg der Anteil am<br \/>\ninternationalen Handel zuletzt.<\/p>\n<p><a href=\"https:\/\/www.frankensicht.de\/?attachment_id=1457\" rel=\"attachment wp-att-1457\"><img loading=\"lazy\" decoding=\"async\" class=\"alignnone size-full wp-image-1457\" src=\"https:\/\/www.frankensicht.de\/wp-content\/uploads\/2012\/05\/StatPressCN-\u2039-frankensicht.de-\u2014-WordPress_1336737358340.jpeg\" alt=\"StatPressCN \u2039 frankensicht.de \u2014 WordPress_1336737358340\" width=\"235\" height=\"119\" \/><\/a><\/p>\n<p>In dieser Publikation werden verschiedene Aspekte zum deutschen Au\u00dfenhandel<br \/>\nkompakt zusammengefasst, basierend auf den Berechnungen des Statistischen<br \/>\nBundesamtes und der Welthandelsorganisation (WTO). Damit soll nachvollziehbar<br \/>\nwerden, wie Deutschland am Welthandel beteiligt ist.<\/p>\n<p>Die Publikation steht Ihnen jetzt als PDF-Download (PDF: 788 KB)<br \/>\n&lt;http:\/\/www.bmwi.de\/BMWi\/Redaktion\/PDF\/Publikationen\/fakten-deutscher-aussenhandel-2014,property=pdf,bereich=bmwi,sprache=de,rwb=true.pdf&gt;<br \/>\nzur Verf\u00fcgung.<\/p>\n<p>Quelle:bmwi.bund.de<\/p>\n","protected":false},"excerpt":{"rendered":"<p>Berlin: Neue Publikation: Fakten zum deutschen Au\u00dfenhandel 2014 Deutschland hat auch im Jahr 2014 seinen Platz als weltweit drittgr\u00f6\u00dfter Warenexporteur und -importeur behauptet. Auf 7,2 % stieg der Anteil am internationalen Handel zuletzt. In dieser Publikation werden verschiedene Aspekte zum deutschen Au\u00dfenhandel kompakt zusammengefasst, basierend auf den Berechnungen des Statistischen Bundesamtes und der Welthandelsorganisation (WTO). [&hellip;]<\/p>\n","protected":false},"author":7,"featured_media":1457,"comment_status":"closed","ping_status":"open","sticky":false,"template":"","format":"standard","meta":{"footnotes":""},"categories":[44,3,16],"tags":[1788],"class_list":["post-8594","post","type-post","status-publish","format-standard","has-post-thumbnail","hentry","category-deutschland-2","category-news","category-wirtschaft","tag-aussenhandel"],"_links":{"self":[{"href":"https:\/\/www.frankensicht.de\/index.php?rest_route=\/wp\/v2\/posts\/8594","targetHints":{"allow":["GET"]}}],"collection":[{"href":"https:\/\/www.frankensicht.de\/index.php?rest_route=\/wp\/v2\/posts"}],"about":[{"href":"https:\/\/www.frankensicht.de\/index.php?rest_route=\/wp\/v2\/types\/post"}],"author":[{"embeddable":true,"href":"https:\/\/www.frankensicht.de\/index.php?rest_route=\/wp\/v2\/users\/7"}],"replies":[{"embeddable":true,"href":"https:\/\/www.frankensicht.de\/index.php?rest_route=%2Fwp%2Fv2%2Fcomments&post=8594"}],"version-history":[{"count":0,"href":"https:\/\/www.frankensicht.de\/index.php?rest_route=\/wp\/v2\/posts\/8594\/revisions"}],"wp:featuredmedia":[{"embeddable":true,"href":"https:\/\/www.frankensicht.de\/index.php?rest_route=\/wp\/v2\/media\/1457"}],"wp:attachment":[{"href":"https:\/\/www.frankensicht.de\/index.php?rest_route=%2Fwp%2Fv2%2Fmedia&parent=8594"}],"wp:term":[{"taxonomy":"category","embeddable":true,"href":"https:\/\/www.frankensicht.de\/index.php?rest_route=%2Fwp%2Fv2%2Fcategories&post=8594"},{"taxonomy":"post_tag","embeddable":true,"href":"https:\/\/www.frankensicht.de\/index.php?rest_route=%2Fwp%2Fv2%2Ftags&post=8594"}],"curies":[{"name":"wp","href":"https:\/\/api.w.org\/{rel}","templated":true}]}}