{"id":8580,"date":"2015-06-02T10:56:14","date_gmt":"2015-06-02T08:56:14","guid":{"rendered":"http:\/\/www.frankensicht.de\/?p=8580"},"modified":"2015-06-02T10:56:14","modified_gmt":"2015-06-02T08:56:14","slug":"huml-bei-spatenstich-fuer-erweiterung-der-klinik-fuer-kinder-und-jugendpsychiatrie-am-bezirksklinikum-regensburg","status":"publish","type":"post","link":"https:\/\/www.frankensicht.de\/?p=8580","title":{"rendered":"Huml bei Spatenstich f\u00fcr Erweiterung der Klinik f\u00fcr Kinder- und Jugendpsychiatrie am Bezirksklinikum Regensburg"},"content":{"rendered":"<p><span style=\"color: #ff0000;\">M\u00fcnchen &#8211; Regensburg:<\/span><\/p>\n<p>Huml bei Spatenstich f\u00fcr Erweiterung der Klinik f\u00fcr Kinder- und Jugendpsychiatrie am Bezirksklinikum Regensburg &#8211; Freistaat f\u00f6rdert aktuelle Bauma\u00dfnahmen mit 10,4 Millionen Euro<\/p>\n<p>Bayerns Gesundheits- und Pflegeministerin Melanie Huml gibt in Vertretung des Bayerischen Ministerpr\u00e4sidenten Horst Seehofer mit dem offiziellen Spatenstich den Startschuss f\u00fcr die Erweiterung der Klinik f\u00fcr Kinder- und Jugendpsychiatrie, Psychosomatik und Psychotherapie am Bezirksklinikum Regensburg<\/p>\n<p>am Mittwoch, 3. Juni 2015, um 10:30 Uhr,<\/p>\n<p>Bezirksklinikum Regensburg,<\/p>\n<p>Klinik f\u00fcr Kinder- und Jugendpsychiatrie,<\/p>\n<p>Psychosomatik und Psychotherapie,<\/p>\n<p>Vitusstra\u00dfe 3, 93053 Regensburg.<\/p>\n<p><a href=\"https:\/\/www.frankensicht.de\/?attachment_id=4951\" rel=\"attachment wp-att-4951\"><img loading=\"lazy\" decoding=\"async\" class=\"alignnone size-medium wp-image-4951\" src=\"https:\/\/www.frankensicht.de\/wp-content\/uploads\/2013\/01\/krankenhaus-300x187.jpg\" alt=\"krankenhaus\" width=\"300\" height=\"187\" srcset=\"https:\/\/www.frankensicht.de\/wp-content\/uploads\/2013\/01\/krankenhaus-300x187.jpg 300w, https:\/\/www.frankensicht.de\/wp-content\/uploads\/2013\/01\/krankenhaus.jpg 640w\" sizes=\"auto, (max-width: 300px) 100vw, 300px\" \/><\/a><\/p>\n<p>Das Bayerische Gesundheitsministerium unterst\u00fctzt die aktuellen Bauma\u00dfnahmen mit insgesamt 10,4 Millionen Euro.<\/p>\n<p>In den vergangenen 25 Jahren hat der Freistaat gemeinsam mit den Kommunen rund 80 Millionen Euro f\u00fcr notwendige Bauma\u00dfnahmen bei station\u00e4ren und teilstation\u00e4ren kinder- und jugendpsychiatrischen Behandlungseinrichtungen in Bayern investiert.<\/p>\n<p>Quelle: stmgp.bayern.de<\/p>\n","protected":false},"excerpt":{"rendered":"<p>M\u00fcnchen &#8211; Regensburg: Huml bei Spatenstich f\u00fcr Erweiterung der Klinik f\u00fcr Kinder- und Jugendpsychiatrie am Bezirksklinikum Regensburg &#8211; Freistaat f\u00f6rdert aktuelle Bauma\u00dfnahmen mit 10,4 Millionen Euro Bayerns Gesundheits- und Pflegeministerin Melanie Huml gibt in Vertretung des Bayerischen Ministerpr\u00e4sidenten Horst Seehofer mit dem offiziellen Spatenstich den Startschuss f\u00fcr die Erweiterung der Klinik f\u00fcr Kinder- und Jugendpsychiatrie, [&hellip;]<\/p>\n","protected":false},"author":7,"featured_media":4951,"comment_status":"closed","ping_status":"open","sticky":false,"template":"","format":"standard","meta":{"footnotes":""},"categories":[78,71],"tags":[1785],"class_list":["post-8580","post","type-post","status-publish","format-standard","has-post-thumbnail","hentry","category-bayern","category-menue","tag-jugendpsychatrie"],"_links":{"self":[{"href":"https:\/\/www.frankensicht.de\/index.php?rest_route=\/wp\/v2\/posts\/8580","targetHints":{"allow":["GET"]}}],"collection":[{"href":"https:\/\/www.frankensicht.de\/index.php?rest_route=\/wp\/v2\/posts"}],"about":[{"href":"https:\/\/www.frankensicht.de\/index.php?rest_route=\/wp\/v2\/types\/post"}],"author":[{"embeddable":true,"href":"https:\/\/www.frankensicht.de\/index.php?rest_route=\/wp\/v2\/users\/7"}],"replies":[{"embeddable":true,"href":"https:\/\/www.frankensicht.de\/index.php?rest_route=%2Fwp%2Fv2%2Fcomments&post=8580"}],"version-history":[{"count":0,"href":"https:\/\/www.frankensicht.de\/index.php?rest_route=\/wp\/v2\/posts\/8580\/revisions"}],"wp:featuredmedia":[{"embeddable":true,"href":"https:\/\/www.frankensicht.de\/index.php?rest_route=\/wp\/v2\/media\/4951"}],"wp:attachment":[{"href":"https:\/\/www.frankensicht.de\/index.php?rest_route=%2Fwp%2Fv2%2Fmedia&parent=8580"}],"wp:term":[{"taxonomy":"category","embeddable":true,"href":"https:\/\/www.frankensicht.de\/index.php?rest_route=%2Fwp%2Fv2%2Fcategories&post=8580"},{"taxonomy":"post_tag","embeddable":true,"href":"https:\/\/www.frankensicht.de\/index.php?rest_route=%2Fwp%2Fv2%2Ftags&post=8580"}],"curies":[{"name":"wp","href":"https:\/\/api.w.org\/{rel}","templated":true}]}}