{"id":8575,"date":"2015-05-30T08:03:28","date_gmt":"2015-05-30T06:03:28","guid":{"rendered":"http:\/\/www.frankensicht.de\/?p=8575"},"modified":"2015-05-30T08:03:28","modified_gmt":"2015-05-30T06:03:28","slug":"mehrwert-fuer-buerger-unternehmen-und-den-staat-schaffen","status":"publish","type":"post","link":"https:\/\/www.frankensicht.de\/?p=8575","title":{"rendered":"Mehrwert f\u00fcr B\u00fcrger, Unternehmen und den Staat schaffen!"},"content":{"rendered":"<p><span style=\"color: #ff0000;\">M\u00fcnchen &#8211; Br\u00fcssel:<\/span><\/p>\n<p>Hochrangige Vertreter der europ\u00e4ischen und nationalen Politik bei Br\u00fcsseler Podiumsdiskussion zur europ\u00e4ischen Datenschutzreform \/ Bayerns Justizminister Prof. Dr. Bausback: &#8222;Mehrwert f\u00fcr B\u00fcrger, Unternehmen und den Staat schaffen! \/ Ausnahmeklauseln f\u00fcr Gerichte f\u00fcr eine funktionierende Justiz unerl\u00e4sslich!&#8220;<br \/>\n&#8222;Europ\u00e4ische Datenschutzreform auf der Zielgeraden&#8220; &#8211; zu diesem Thema diskutieren heute in der Vertretung des Freistaates Bayern in Br\u00fcssel Bundesinnenminister Dr. Thomas de Maizi\u00e8re, EU-Justizkommissarin V\u011bra Jourov\u00e1, die franz\u00f6sische Justizministerin Christiane Taubira und ihr Luxemburger Amtskollege F\u00e9lix Braz sowie die stellvertretenden Vorsitzenden des Innen-bzw. Rechtsausschusses des Europ\u00e4ischen Parlaments, Jan Philipp Albrecht und Dr. Axel Voss.<\/p>\n<p>Bayerns Justizminister Prof. Dr. Winfried Bausback \u00e4u\u00dfert sich bei seiner Begr\u00fc\u00dfung optimistisch, dass das Kernst\u00fcck des Reformprojekts, die Datenschutzgrundverordnung, noch vor Jahresende verabschiedet werden kann: &#8222;Gemeinsames Ziel von Rat, Kommission und Europ\u00e4ischem Parlament muss es bei den anstehenden Verhandlungen sein, mit der Modernisierung des europ\u00e4ischen Datenschutzrechts einen Mehrwert f\u00fcr B\u00fcrger, Unternehmen und Staat zu schaffen!&#8220;<\/p>\n<p><a href=\"https:\/\/www.frankensicht.de\/?attachment_id=3002\" rel=\"attachment wp-att-3002\"><img loading=\"lazy\" decoding=\"async\" class=\"alignnone size-medium wp-image-3002\" src=\"https:\/\/www.frankensicht.de\/wp-content\/uploads\/2012\/06\/handy-300x225.jpg\" alt=\"handy\" width=\"300\" height=\"225\" srcset=\"https:\/\/www.frankensicht.de\/wp-content\/uploads\/2012\/06\/handy-300x225.jpg 300w, https:\/\/www.frankensicht.de\/wp-content\/uploads\/2012\/06\/handy.jpg 640w\" sizes=\"auto, (max-width: 300px) 100vw, 300px\" \/><\/a><\/p>\n<p>Gleichzeitig setzt sich Bayerns Justizminister daf\u00fcr ein, dass die Datenschutzgrundverordnung nicht zu ungewollten Beeintr\u00e4chtigungen des gerichtlichen Rechtschutzes f\u00fchrt: &#8222;Man muss sich vor Augen f\u00fchren: Auch in Gerichtsverfahren wird tagt\u00e4glich eine Vielzahl von Daten verarbeitet. Die vorgesehenen Rechtsfolgen passen jedoch nicht f\u00fcr die Gerichtsbarkeit. Au\u00dferdem k\u00f6nnen umfangreiche Benachrichtigungs- und Auskunftspflichten die Gerichtsbarkeit lahmlegen.&#8220; Bausback betont daher abschlie\u00dfend: &#8222;Entsprechende Ausnahmeklauseln f\u00fcr die Gerichte haben f\u00fcr eine funktionierende Justiz als wesentliche S\u00e4ule des europ\u00e4ischen Rechtsstaates ganz zentrale Bedeutung! Wir werden die anstehenden Verhandlungen deshalb mit besonderer Aufmerksamkeit verfolgen und uns daf\u00fcr einsetzen, dass solche Ausnahmeklauseln auch in einem k\u00fcnftigen Kompromisstext enthalten sind!&#8220;<\/p>\n<p>Quelle:stmj.bayern.de<\/p>\n","protected":false},"excerpt":{"rendered":"<p>M\u00fcnchen &#8211; Br\u00fcssel: Hochrangige Vertreter der europ\u00e4ischen und nationalen Politik bei Br\u00fcsseler Podiumsdiskussion zur europ\u00e4ischen Datenschutzreform \/ Bayerns Justizminister Prof. Dr. Bausback: &#8222;Mehrwert f\u00fcr B\u00fcrger, Unternehmen und den Staat schaffen! \/ Ausnahmeklauseln f\u00fcr Gerichte f\u00fcr eine funktionierende Justiz unerl\u00e4sslich!&#8220; &#8222;Europ\u00e4ische Datenschutzreform auf der Zielgeraden&#8220; &#8211; zu diesem Thema diskutieren heute in der Vertretung des Freistaates [&hellip;]<\/p>\n","protected":false},"author":7,"featured_media":3002,"comment_status":"closed","ping_status":"open","sticky":false,"template":"","format":"standard","meta":{"footnotes":""},"categories":[78,71],"tags":[1783],"class_list":["post-8575","post","type-post","status-publish","format-standard","has-post-thumbnail","hentry","category-bayern","category-menue","tag-datenschutz"],"_links":{"self":[{"href":"https:\/\/www.frankensicht.de\/index.php?rest_route=\/wp\/v2\/posts\/8575","targetHints":{"allow":["GET"]}}],"collection":[{"href":"https:\/\/www.frankensicht.de\/index.php?rest_route=\/wp\/v2\/posts"}],"about":[{"href":"https:\/\/www.frankensicht.de\/index.php?rest_route=\/wp\/v2\/types\/post"}],"author":[{"embeddable":true,"href":"https:\/\/www.frankensicht.de\/index.php?rest_route=\/wp\/v2\/users\/7"}],"replies":[{"embeddable":true,"href":"https:\/\/www.frankensicht.de\/index.php?rest_route=%2Fwp%2Fv2%2Fcomments&post=8575"}],"version-history":[{"count":0,"href":"https:\/\/www.frankensicht.de\/index.php?rest_route=\/wp\/v2\/posts\/8575\/revisions"}],"wp:featuredmedia":[{"embeddable":true,"href":"https:\/\/www.frankensicht.de\/index.php?rest_route=\/wp\/v2\/media\/3002"}],"wp:attachment":[{"href":"https:\/\/www.frankensicht.de\/index.php?rest_route=%2Fwp%2Fv2%2Fmedia&parent=8575"}],"wp:term":[{"taxonomy":"category","embeddable":true,"href":"https:\/\/www.frankensicht.de\/index.php?rest_route=%2Fwp%2Fv2%2Fcategories&post=8575"},{"taxonomy":"post_tag","embeddable":true,"href":"https:\/\/www.frankensicht.de\/index.php?rest_route=%2Fwp%2Fv2%2Ftags&post=8575"}],"curies":[{"name":"wp","href":"https:\/\/api.w.org\/{rel}","templated":true}]}}