{"id":8569,"date":"2015-05-31T08:06:50","date_gmt":"2015-05-31T06:06:50","guid":{"rendered":"http:\/\/www.frankensicht.de\/?p=8569"},"modified":"2015-05-31T08:06:50","modified_gmt":"2015-05-31T06:06:50","slug":"deutsch-franzoesische-ihk-ist-motor-der-zusammenarbeit","status":"publish","type":"post","link":"https:\/\/www.frankensicht.de\/?p=8569","title":{"rendered":"Deutsch-Franz\u00f6sische IHK ist Motor der Zusammenarbeit"},"content":{"rendered":"<p><span style=\"color: #ff0000;\">Berlin:<\/span><\/p>\n<p>Beckmeyer: Deutsch-Franz\u00f6sische IHK ist Motor der Zusammenarbeit<br \/>\nDie Deutsch-Franz\u00f6sische Industrie- und Handelskammer in Paris hat am 28. Mai<br \/>\n2015 ihr 60-j\u00e4hriges Bestehen mit einer Festveranstaltung gefeiert. Der<br \/>\nParlamentarische Staatssekret\u00e4r beim Bundesminister f\u00fcr Wirtschaft und Energie,<br \/>\nUwe Beckmeyer,<br \/>\n&lt;http:\/\/www.bmwi.de\/DE\/Ministerium\/Minister-und-Staatssekretaere\/Visitenkarten\/visitenkarte-beckmeyer.html&gt;<br \/>\n\u00fcberbrachte die Gl\u00fcckw\u00fcnsche der Bundesregierung.<\/p>\n<p>Staatssekret\u00e4r Beckmeyer: &#8222;Mit keinem anderen Land ist Deutschland so eng<br \/>\nverbunden wie mit Frankreich<br \/>\n&lt;http:\/\/www.gtai.de\/GTAI\/Navigation\/DE\/Trade\/maerkte,did=342044.html&gt;. Es ist<br \/>\nunser wichtigster Handelspartner, und deutsche Unternehmen investieren stark in<br \/>\nFrankreich. Die Deutsch-Franz\u00f6sische IHK ist dabei seit sechs Jahrzehnten ein<br \/>\nwichtiger Motor der Zusammenarbeit.&#8220;<\/p>\n<p><a href=\"https:\/\/www.frankensicht.de\/?attachment_id=8573\" rel=\"attachment wp-att-8573\"><img loading=\"lazy\" decoding=\"async\" class=\"alignnone size-medium wp-image-8573\" src=\"https:\/\/www.frankensicht.de\/wp-content\/uploads\/2015\/05\/eifelturm-225x300.jpg\" alt=\"eifelturm\" width=\"225\" height=\"300\" srcset=\"https:\/\/www.frankensicht.de\/wp-content\/uploads\/2015\/05\/eifelturm-225x300.jpg 225w, https:\/\/www.frankensicht.de\/wp-content\/uploads\/2015\/05\/eifelturm.jpg 480w\" sizes=\"auto, (max-width: 225px) 100vw, 225px\" \/><\/a><\/p>\n<p>Beim &#8222;Deutsch-Franz\u00f6sischen Wirtschaftstag&#8220;, der im Rahmen der<br \/>\nJubil\u00e4umsfeierlichkeiten in den R\u00e4umlichkeiten der Nationalversammlung stattfand,<br \/>\ndiskutierten Expertinnen und Experten beider L\u00e4nder \u00fcber aktuelle<br \/>\nHerausforderungen in den Bereichen Politik, Wirtschaft und Finanzen sowie<br \/>\nWachstumschancen f\u00fcr Europa &lt;http:\/\/www.bmwi.de\/DE\/Themen\/europa.html&gt;.<\/p>\n<p>&#8222;Deutschland und Frankreich k\u00f6nnen hier gemeinsam Impulse setzen&#8220;, betonte<br \/>\nStaatssekret\u00e4r Beckmeyer. &#8222;Unser Ziel ist es, die Zusammenarbeit in<br \/>\nSchl\u00fcsselsektoren voranzubringen, etwa durch eine verst\u00e4rkte Kooperation zwischen<br \/>\nunseren Energiefachagenturen ADEME und dena.&#8220;<\/p>\n<p>Im Rahmen seines Besuches in Paris kam Staatssekret\u00e4r Beckmeyer zu Gespr\u00e4chen mit<br \/>\nVertretern von Parlament und Regierung zusammen, um \u00fcber Fragen der Energie- und<br \/>\nKlimapolitik &lt;http:\/\/www.bmwi.de\/DE\/Themen\/energie.html&gt; zu sprechen. Deutschland<br \/>\nund Frankreich hatten im vergangenen Jahr eine engere Zusammenarbeit und die<br \/>\nEinrichtung hochrangiger Arbeitsgruppen vereinbart. Zweites Schwerpunktthema der<br \/>\nbilateralen Gespr\u00e4che war der Tiefseebergbau.<\/p>\n<p>Quelle:bmwi.bund.de<\/p>\n","protected":false},"excerpt":{"rendered":"<p>Berlin: Beckmeyer: Deutsch-Franz\u00f6sische IHK ist Motor der Zusammenarbeit Die Deutsch-Franz\u00f6sische Industrie- und Handelskammer in Paris hat am 28. Mai 2015 ihr 60-j\u00e4hriges Bestehen mit einer Festveranstaltung gefeiert. Der Parlamentarische Staatssekret\u00e4r beim Bundesminister f\u00fcr Wirtschaft und Energie, Uwe Beckmeyer, &lt;http:\/\/www.bmwi.de\/DE\/Ministerium\/Minister-und-Staatssekretaere\/Visitenkarten\/visitenkarte-beckmeyer.html&gt; \u00fcberbrachte die Gl\u00fcckw\u00fcnsche der Bundesregierung. Staatssekret\u00e4r Beckmeyer: &#8222;Mit keinem anderen Land ist Deutschland so eng verbunden [&hellip;]<\/p>\n","protected":false},"author":7,"featured_media":8573,"comment_status":"closed","ping_status":"open","sticky":false,"template":"","format":"standard","meta":{"footnotes":""},"categories":[3,16],"tags":[1782],"class_list":["post-8569","post","type-post","status-publish","format-standard","has-post-thumbnail","hentry","category-news","category-wirtschaft","tag-ihk"],"_links":{"self":[{"href":"https:\/\/www.frankensicht.de\/index.php?rest_route=\/wp\/v2\/posts\/8569","targetHints":{"allow":["GET"]}}],"collection":[{"href":"https:\/\/www.frankensicht.de\/index.php?rest_route=\/wp\/v2\/posts"}],"about":[{"href":"https:\/\/www.frankensicht.de\/index.php?rest_route=\/wp\/v2\/types\/post"}],"author":[{"embeddable":true,"href":"https:\/\/www.frankensicht.de\/index.php?rest_route=\/wp\/v2\/users\/7"}],"replies":[{"embeddable":true,"href":"https:\/\/www.frankensicht.de\/index.php?rest_route=%2Fwp%2Fv2%2Fcomments&post=8569"}],"version-history":[{"count":0,"href":"https:\/\/www.frankensicht.de\/index.php?rest_route=\/wp\/v2\/posts\/8569\/revisions"}],"wp:featuredmedia":[{"embeddable":true,"href":"https:\/\/www.frankensicht.de\/index.php?rest_route=\/wp\/v2\/media\/8573"}],"wp:attachment":[{"href":"https:\/\/www.frankensicht.de\/index.php?rest_route=%2Fwp%2Fv2%2Fmedia&parent=8569"}],"wp:term":[{"taxonomy":"category","embeddable":true,"href":"https:\/\/www.frankensicht.de\/index.php?rest_route=%2Fwp%2Fv2%2Fcategories&post=8569"},{"taxonomy":"post_tag","embeddable":true,"href":"https:\/\/www.frankensicht.de\/index.php?rest_route=%2Fwp%2Fv2%2Ftags&post=8569"}],"curies":[{"name":"wp","href":"https:\/\/api.w.org\/{rel}","templated":true}]}}