{"id":8564,"date":"2015-05-29T08:27:14","date_gmt":"2015-05-29T06:27:14","guid":{"rendered":"http:\/\/www.frankensicht.de\/?p=8564"},"modified":"2015-05-29T08:27:14","modified_gmt":"2015-05-29T06:27:14","slug":"deutsche-teilnehmer-beim-europaeischen-unternehmensfoerderpreis-2015-stehen-fest","status":"publish","type":"post","link":"https:\/\/www.frankensicht.de\/?p=8564","title":{"rendered":"Deutsche Teilnehmer beim Europ\u00e4ischen Unternehmensf\u00f6rderpreis 2015 stehen fest"},"content":{"rendered":"<p><span style=\"color: #ff0000;\">Berlin:<\/span><\/p>\n<p>Deutsche Teilnehmer beim Europ\u00e4ischen Unternehmensf\u00f6rderpreis 2015 stehen fest<\/p>\n<p>Die zwei Gewinner des deutschen Vorentscheids zum Europ\u00e4ischen<br \/>\nUnternehmensf\u00f6rderpreis 2015 (European Enterprise Promotion Awards)<br \/>\n&lt;http:\/\/www.bmwi.de\/DE\/Service\/wettbewerbe,did=552166.html&gt; stehen fest.<br \/>\nDurchsetzen konnten sich die &#8222;Hans Lindner Stiftung&#8220; aus Arnstorf in Ostbayern<br \/>\nund das Projekt &#8222;IFD Selbst\u00e4ndigkeit &#8211; enterability&#8220; der Social Impact gGmbH aus<br \/>\nBerlin. Beide Projekte werden nun als deutsche Beitr\u00e4ge im europ\u00e4ischen<br \/>\nWettbewerb ins Rennen gehen. Die Preisverleihung findet im November 2015 in<br \/>\nLuxemburg statt.<\/p>\n<p><a href=\"https:\/\/www.frankensicht.de\/?attachment_id=6571\" rel=\"attachment wp-att-6571\"><img loading=\"lazy\" decoding=\"async\" class=\"alignnone size-medium wp-image-6571\" src=\"https:\/\/www.frankensicht.de\/wp-content\/uploads\/2013\/12\/euro-fahne-300x200.jpg\" alt=\"euro-fahne\" width=\"300\" height=\"200\" srcset=\"https:\/\/www.frankensicht.de\/wp-content\/uploads\/2013\/12\/euro-fahne-300x200.jpg 300w, https:\/\/www.frankensicht.de\/wp-content\/uploads\/2013\/12\/euro-fahne-220x146.jpg 220w, https:\/\/www.frankensicht.de\/wp-content\/uploads\/2013\/12\/euro-fahne.jpg 794w\" sizes=\"auto, (max-width: 300px) 100vw, 300px\" \/><\/a><\/p>\n<p>Die &#8222;Hans Lindner Stiftung&#8220; st\u00e4rkt den Unternehmergeist \u00fcber alle Altersklassen<br \/>\nhinweg, von Schulkindern \u00fcber Studenten bis hin zu \u00e4lteren Menschen mit<br \/>\nlangj\u00e4hriger Berufserfahrung. Dieser ganzheitliche Ansatz in Kombination mit<br \/>\neiner ausgepr\u00e4gten regionalen Vernetzung \u00fcberzeugt als gutes Beispiel und zeigt<br \/>\neine beeindruckende Wirkung. Das Projekt &#8222;IFD Selbst\u00e4ndigkeit &#8211; enterability&#8220;<br \/>\nhilft Menschen mit Schwerbehinderung, sich beruflich selbst\u00e4ndig zu machen, und<br \/>\nunterst\u00fctzt sie dabei, nachhaltig am Markt zu bestehen. Das Angebot kombiniert<br \/>\ninnovatives Gr\u00fcndungs-Know-how mit behindertenspezifischen Themen. Eine<br \/>\nvorbildhafte Ma\u00dfnahme, die Potenziale in einer Bev\u00f6lkerungsgruppe weckt, die<br \/>\nbislang noch zu wenig im Fokus steht, wenn es um Unternehmertum und<br \/>\nSelbstst\u00e4ndigkeit geht.<\/p>\n<p>Iris Gleicke, Mittelstandsbeauftragte der Bundesregierung und Parlamentarische<br \/>\nStaatssekret\u00e4rin beim Bundesminister f\u00fcr Wirtschaft und Energie<br \/>\n&lt;http:\/\/www.bmwi.de\/DE\/Ministerium\/Minister-und-Staatssekretaere\/Visitenkarten\/visitenkarte-gleicke.html&gt;:<br \/>\n&#8222;Noch immer werden in Deutschland wie in Europa zu wenig Unternehmen gegr\u00fcndet,<br \/>\nes fehlt uns an Gr\u00fcnderinnen und Gr\u00fcndern<br \/>\n&lt;http:\/\/www.bmwi.de\/DE\/Themen\/Mittelstand\/gruendungen-und-unternehmensnachfolge.html&gt;.<br \/>\nEs hat sich noch l\u00e4ngst nicht \u00fcberall herumgesprochen, dass die Selbst\u00e4ndigkeit<br \/>\neine interessante und reizvolle Perspektive ist. Hier sind nach wie vor ganze<br \/>\nBev\u00f6lkerungsgruppen deutlich unterrepr\u00e4sentiert, Frauen und Migranten ebenso wie<br \/>\nSenioren und Behinderte. Gute Beispiele und eine bestm\u00f6gliche Unterst\u00fctzung<br \/>\nk\u00f6nnen dabei helfen, bestehende Vorbehalte und \u00c4ngste zu \u00fcberwinden. Die beiden<br \/>\ndeutschen Teilnehmer am Europ\u00e4ischen Unternehmensf\u00f6rderpreis zeigen<br \/>\neindrucksvoll, wie es gelingen kann, Menschen aus unterschiedlichsten Bereichen<br \/>\ndarin zu best\u00e4rken, den Schritt in die berufliche Selbstst\u00e4ndigkeit zu gehen. Sie<br \/>\nhaben uns als Vorbilder \u00fcberzeugt, und ich dr\u00fccke ihnen die Daumen, dass sie auch<br \/>\ndie europ\u00e4ische Jury \u00fcberzeugen.&#8220;<\/p>\n<p>Mit dem Europ\u00e4ischen Unternehmensf\u00f6rderpreis zeichnet die Europ\u00e4ische Kommission<br \/>\nseit 2006 Beh\u00f6rden, Wirtschafts- und Bildungseinrichtungen sowie<br \/>\n\u00f6ffentlich-private Partnerschaften aus, die sich um die F\u00f6rderung von<br \/>\nUnternehmergeist und Unternehmertum verdient gemacht haben. Ausgelobt wird dieser<br \/>\nPreis in den 28 Mitgliedstaaten der EU sowie in Island, Norwegen, Serbien und der<br \/>\nT\u00fcrkei. Seit 2006 haben sich europaweit mehr als 2.500 Projekte und Initiativen<br \/>\nbeteiligt. Die deutschen Teilnehmer wurden durch eine hochrangige Jury im<br \/>\nBundesministerium f\u00fcr Wirtschaft und Energie ausgew\u00e4hlt.<\/p>\n<p>Weitere Informationen zum Wettbewerb erhalten Sie durch das RKW Kompetenzzentrum<br \/>\noder online unter www.europaeischer-unternehmensfoerderpreis.de<br \/>\n&lt;http:\/\/www.europaeischer-unternehmensfoerderpreis.de&gt; sowie unter<br \/>\nwww.facebook.com\/EUunternehmensfoerderpreis<br \/>\n&lt;http:\/\/www.facebook.com\/EUunternehmensfoerderpreis&gt;.<\/p>\n<p>Quelle: bmwi.bund.de<\/p>\n","protected":false},"excerpt":{"rendered":"<p>Berlin: Deutsche Teilnehmer beim Europ\u00e4ischen Unternehmensf\u00f6rderpreis 2015 stehen fest Die zwei Gewinner des deutschen Vorentscheids zum Europ\u00e4ischen Unternehmensf\u00f6rderpreis 2015 (European Enterprise Promotion Awards) &lt;http:\/\/www.bmwi.de\/DE\/Service\/wettbewerbe,did=552166.html&gt; stehen fest. Durchsetzen konnten sich die &#8222;Hans Lindner Stiftung&#8220; aus Arnstorf in Ostbayern und das Projekt &#8222;IFD Selbst\u00e4ndigkeit &#8211; enterability&#8220; der Social Impact gGmbH aus Berlin. Beide Projekte werden nun als [&hellip;]<\/p>\n","protected":false},"author":7,"featured_media":6571,"comment_status":"closed","ping_status":"open","sticky":false,"template":"","format":"standard","meta":{"footnotes":""},"categories":[44,3],"tags":[1784],"class_list":["post-8564","post","type-post","status-publish","format-standard","has-post-thumbnail","hentry","category-deutschland-2","category-news","tag-unternehmensfoerderpreis"],"_links":{"self":[{"href":"https:\/\/www.frankensicht.de\/index.php?rest_route=\/wp\/v2\/posts\/8564","targetHints":{"allow":["GET"]}}],"collection":[{"href":"https:\/\/www.frankensicht.de\/index.php?rest_route=\/wp\/v2\/posts"}],"about":[{"href":"https:\/\/www.frankensicht.de\/index.php?rest_route=\/wp\/v2\/types\/post"}],"author":[{"embeddable":true,"href":"https:\/\/www.frankensicht.de\/index.php?rest_route=\/wp\/v2\/users\/7"}],"replies":[{"embeddable":true,"href":"https:\/\/www.frankensicht.de\/index.php?rest_route=%2Fwp%2Fv2%2Fcomments&post=8564"}],"version-history":[{"count":0,"href":"https:\/\/www.frankensicht.de\/index.php?rest_route=\/wp\/v2\/posts\/8564\/revisions"}],"wp:featuredmedia":[{"embeddable":true,"href":"https:\/\/www.frankensicht.de\/index.php?rest_route=\/wp\/v2\/media\/6571"}],"wp:attachment":[{"href":"https:\/\/www.frankensicht.de\/index.php?rest_route=%2Fwp%2Fv2%2Fmedia&parent=8564"}],"wp:term":[{"taxonomy":"category","embeddable":true,"href":"https:\/\/www.frankensicht.de\/index.php?rest_route=%2Fwp%2Fv2%2Fcategories&post=8564"},{"taxonomy":"post_tag","embeddable":true,"href":"https:\/\/www.frankensicht.de\/index.php?rest_route=%2Fwp%2Fv2%2Ftags&post=8564"}],"curies":[{"name":"wp","href":"https:\/\/api.w.org\/{rel}","templated":true}]}}