{"id":8552,"date":"2015-05-26T07:47:42","date_gmt":"2015-05-26T05:47:42","guid":{"rendered":"http:\/\/www.frankensicht.de\/?p=8552"},"modified":"2015-05-26T07:47:42","modified_gmt":"2015-05-26T05:47:42","slug":"bayerns-gesundheitsministerin-alte-und-schwerstkranke-menschen-duerfen-nicht-unter-druck-gesetzt-werden","status":"publish","type":"post","link":"https:\/\/www.frankensicht.de\/?p=8552","title":{"rendered":"Bayerns Gesundheitsministerin: Alte und schwerstkranke Menschen d\u00fcrfen nicht unter Druck gesetzt werden"},"content":{"rendered":"<p><span style=\"color: #ff0000;\">M\u00fcnchen:<\/span><\/p>\n<p>Huml setzt auf Umdenken bei Sterbehilfe-Bef\u00fcrwortern &#8211; Bayerns Gesundheitsministerin: Alte und schwerstkranke Menschen d\u00fcrfen nicht unter Druck gesetzt werden<\/p>\n<p>Bayerns Gesundheitsministerin Melanie Huml setzt auf ein Umdenken bei den Bef\u00fcrwortern einer aktiven Sterbehilfe. Huml betonte am Pfingstsonntag in Bamberg: &#8222;Meine gro\u00dfe Sorge ist, dass sich alte und schwerstkranke Menschen unter Druck gesetzt f\u00fchlen, ihr Leben vorzeitig zu beenden. Eine Studie hat k\u00fcrzlich gezeigt, dass dies auch eine Mehrheit der Deutschen im Fall einer Legalisierung von \u00e4rztlich assistiertem Suizid bef\u00fcrchtet. Ich hoffe, dass die Sterbehilfe-Debatte durch dieses Ergebnis positiv beeinflusst wird.&#8220;<\/p>\n<p>Die Studie war Mitte Mai von der Evangelischen Kirche in Deutschland (EKD) vorgestellt worden. Demzufolge erwarten mehr als 60 Prozent der Deutschen, dass bei einer Legalisierung \u00e4rztlicher Suizidbeihilfe mehr Menschen ihr Leben vorzeitig beenden wollen, um nicht zur Belastung f\u00fcr die Familie zu werden.<\/p>\n<p>Huml forderte: &#8222;Schwerstkranken und alten Menschen muss ein Leben in W\u00fcrde und m\u00f6glichst ohne Schmerzen bis zuletzt m\u00f6glich sein. Es darf ihnen nicht das Gef\u00fchl vermittelt werden, der Gesellschaft zur Last zu fallen. Wichtig ist vielmehr ein weiterer Ausbau der Palliativ- und Hospizversorgung.&#8220;<\/p>\n<p><a href=\"https:\/\/www.frankensicht.de\/?attachment_id=3355\" rel=\"attachment wp-att-3355\"><img loading=\"lazy\" decoding=\"async\" class=\"alignnone size-medium wp-image-3355\" src=\"https:\/\/www.frankensicht.de\/wp-content\/uploads\/2012\/07\/kreuz-der-einheit-224x300.jpg\" alt=\"kreuz-der-einheit\" width=\"224\" height=\"300\" srcset=\"https:\/\/www.frankensicht.de\/wp-content\/uploads\/2012\/07\/kreuz-der-einheit-224x300.jpg 224w, https:\/\/www.frankensicht.de\/wp-content\/uploads\/2012\/07\/kreuz-der-einheit.jpg 395w\" sizes=\"auto, (max-width: 224px) 100vw, 224px\" \/><\/a><\/p>\n<p>Die Ministerin f\u00fcgte hinzu: &#8222;Es ist zudem mit der \u00e4rztlichen Ethik nicht vereinbar, Medizinern die Beihilfe zur Selbstt\u00f6tung bei schwerstkranken Menschen zu erm\u00f6glichen. \u00c4rzte sollen Menschen beim Sterben begleiten, ihnen Schmerzen und \u00c4ngste nehmen. Aber sie sollen nicht beim Suizid helfen und schon gar nicht &amp;ndash; wie teilweise leider auch gefordert wird &amp;ndash; aktive Sterbehilfe leisten.&#8220;<\/p>\n<p>Huml bekr\u00e4ftigte: &#8222;Im Hospiz- und Palliativbereich werden Menschen beim Sterben begleitet und ihre Schmerzen behandelt &#8211; aber ihr Leben wird nicht um jeden Preis verl\u00e4ngert. Wenn ein schwerstkranker Mensch gehen m\u00f6chte, wird sein Wunsch respektiert. Aber das Sterben wird nicht aktiv unterst\u00fctzt. Das ist der entscheidende Unterschied.&#8220;<\/p>\n<p>Quelle:stmgp.bayern.de<\/p>\n","protected":false},"excerpt":{"rendered":"<p>M\u00fcnchen: Huml setzt auf Umdenken bei Sterbehilfe-Bef\u00fcrwortern &#8211; Bayerns Gesundheitsministerin: Alte und schwerstkranke Menschen d\u00fcrfen nicht unter Druck gesetzt werden Bayerns Gesundheitsministerin Melanie Huml setzt auf ein Umdenken bei den Bef\u00fcrwortern einer aktiven Sterbehilfe. Huml betonte am Pfingstsonntag in Bamberg: &#8222;Meine gro\u00dfe Sorge ist, dass sich alte und schwerstkranke Menschen unter Druck gesetzt f\u00fchlen, ihr [&hellip;]<\/p>\n","protected":false},"author":7,"featured_media":3355,"comment_status":"closed","ping_status":"open","sticky":false,"template":"","format":"standard","meta":{"footnotes":""},"categories":[78,71],"tags":[560],"class_list":["post-8552","post","type-post","status-publish","format-standard","has-post-thumbnail","hentry","category-bayern","category-menue","tag-sterbehilfe"],"_links":{"self":[{"href":"https:\/\/www.frankensicht.de\/index.php?rest_route=\/wp\/v2\/posts\/8552","targetHints":{"allow":["GET"]}}],"collection":[{"href":"https:\/\/www.frankensicht.de\/index.php?rest_route=\/wp\/v2\/posts"}],"about":[{"href":"https:\/\/www.frankensicht.de\/index.php?rest_route=\/wp\/v2\/types\/post"}],"author":[{"embeddable":true,"href":"https:\/\/www.frankensicht.de\/index.php?rest_route=\/wp\/v2\/users\/7"}],"replies":[{"embeddable":true,"href":"https:\/\/www.frankensicht.de\/index.php?rest_route=%2Fwp%2Fv2%2Fcomments&post=8552"}],"version-history":[{"count":0,"href":"https:\/\/www.frankensicht.de\/index.php?rest_route=\/wp\/v2\/posts\/8552\/revisions"}],"wp:featuredmedia":[{"embeddable":true,"href":"https:\/\/www.frankensicht.de\/index.php?rest_route=\/wp\/v2\/media\/3355"}],"wp:attachment":[{"href":"https:\/\/www.frankensicht.de\/index.php?rest_route=%2Fwp%2Fv2%2Fmedia&parent=8552"}],"wp:term":[{"taxonomy":"category","embeddable":true,"href":"https:\/\/www.frankensicht.de\/index.php?rest_route=%2Fwp%2Fv2%2Fcategories&post=8552"},{"taxonomy":"post_tag","embeddable":true,"href":"https:\/\/www.frankensicht.de\/index.php?rest_route=%2Fwp%2Fv2%2Ftags&post=8552"}],"curies":[{"name":"wp","href":"https:\/\/api.w.org\/{rel}","templated":true}]}}