{"id":8546,"date":"2015-05-25T07:45:07","date_gmt":"2015-05-25T05:45:07","guid":{"rendered":"http:\/\/www.frankensicht.de\/?p=8546"},"modified":"2015-05-25T07:45:07","modified_gmt":"2015-05-25T05:45:07","slug":"monatsbericht-mai","status":"publish","type":"post","link":"https:\/\/www.frankensicht.de\/?p=8546","title":{"rendered":"Monatsbericht Mai"},"content":{"rendered":"<p><span style=\"color: #ff0000;\">Berlin:<\/span><\/p>\n<p>Monatsbericht Mai 2015<\/p>\n<p>Am 7. Mai ver\u00f6ffentlichte der Arbeitskreis \u201eSteuersch\u00e4tzungen\u201c seine Prognose f\u00fcr das zu erwartende Steueraufkommen von Bund, L\u00e4ndern und Gemeinden bis zum Jahr 2019. Die \u00f6ffentlichen Haushalte k\u00f6nnen auch in den n\u00e4chsten Jahren mit einer soliden Einnahmebasis rechnen. Im laufenden Jahr 2015 k\u00f6nnen Bund, L\u00e4nder und Gemeinden gegen\u00fcber der letzten Steuersch\u00e4tzung vom November 2014 insgesamt um 6,3 Mrd. \u20ac h\u00f6here Steuereinnahmen erwarten. Auch in den Jahren 2016 bis 2019 wird das gesch\u00e4tzte Steueraufkommen insgesamt betrachtet um rund 1 % \u00fcber den Prognosen vom November 2014 liegen. Angesichts dieser Perspektiven hat Bundesfinanzminister Dr. Wolfgang Sch\u00e4uble vorgeschlagen, jetzt das Problem der sogenannten kalten Progression anzugehen und mit Wirkung ab dem 1. Januar 2016 den Steuertarifverlauf anzupassen. N\u00e4heres zur Steuersch\u00e4tzung finden Sie im Artikel im aktuellen Monatsbericht des BMF. Weitere Artikel der Ausgabe Mai 2015 befassen sich mit der IWF-Fr\u00fchjahrstagung und dem Treffen der G20-Finanzminister in Washington D.C., den Ergebnissen eines Forschungsvorhabens zur Wirksamkeit finanzpolitischer Konjunkturma\u00dfnahmen sowie mit der Versicherungsaufsichtsreform Solvency II.<\/p>\n<p><a href=\"https:\/\/www.frankensicht.de\/?attachment_id=1513\" rel=\"attachment wp-att-1513\"><img loading=\"lazy\" decoding=\"async\" class=\"alignnone size-medium wp-image-1513\" src=\"https:\/\/www.frankensicht.de\/wp-content\/uploads\/2012\/05\/statistik-300x223.jpg\" alt=\"statistik\" width=\"300\" height=\"223\" srcset=\"https:\/\/www.frankensicht.de\/wp-content\/uploads\/2012\/05\/statistik-300x223.jpg 300w, https:\/\/www.frankensicht.de\/wp-content\/uploads\/2012\/05\/statistik.jpeg 370w\" sizes=\"auto, (max-width: 300px) 100vw, 300px\" \/><\/a><\/p>\n<p>Editorial<br \/>\n\u00dcberblick zur aktuellen Lage<br \/>\nAnalysen und Berichte<br \/>\nErgebnis der Steuersch\u00e4tzung im Mai<\/p>\n<p>\u00d6konomische Wirksamkeit der konjunkturst\u00fctzenden finanzpolitischen Ma\u00dfnahmen der Jahre\u00a02008 und\u00a02009<\/p>\n<p>Gr\u00fcnes Licht f\u00fcr die Versicherungsaufsichtsreform Solvency\u00a0II<\/p>\n<p>IWF-Fr\u00fchjahrstagung\u00a02015 in Washington\u00a0D.C.<\/p>\n<p>Aktuelle Wirtschafts- und Finanzlage<br \/>\nKonjunkturentwicklung aus finanzpolitischer Sicht<\/p>\n<p>Steuereinnahmen im April\u00a02015<\/p>\n<p>Entwicklung des Bundeshaushalts bis einschlie\u00dflich April\u00a02015<\/p>\n<p>Entwicklung der L\u00e4nderhaushalte bis M\u00e4rz\u00a02015<\/p>\n<p>Finanzm\u00e4rkte und Kreditaufnahme des Bundes<\/p>\n<p>Europ\u00e4ische Wirtschafts- und Finanzpolitik<\/p>\n<p>Termine, Publikationen<\/p>\n<p>Statistiken und Dokumentationen<br \/>\n\u00dcbersichten zur finanzwirtschaftlichen Entwicklung<\/p>\n<p>\u00dcbersichten zur Entwicklung der L\u00e4nderhaushalte<\/p>\n<p>Gesamtwirtschaftliches Produktionspotenzial und Konjunkturkomponenten<\/p>\n<p>Kennzahlen zur gesamtwirtschaftlichen Entwicklung<\/p>\n<p>English version<br \/>\nTranslated abstracts<\/p>\n<p>Mehr zum Thema<br \/>\nMonatsbericht des BMF (Mai 2015)\u00a0(PDF, 938\u00a0KB)<\/p>\n<p>Weitere Informationen<br \/>\nZeichenerkl\u00e4rung f\u00fcr Tabellen<\/p>\n<p>Quelle:bundesfinazministerium.de<\/p>\n","protected":false},"excerpt":{"rendered":"<p>Berlin: Monatsbericht Mai 2015 Am 7. Mai ver\u00f6ffentlichte der Arbeitskreis \u201eSteuersch\u00e4tzungen\u201c seine Prognose f\u00fcr das zu erwartende Steueraufkommen von Bund, L\u00e4ndern und Gemeinden bis zum Jahr 2019. Die \u00f6ffentlichen Haushalte k\u00f6nnen auch in den n\u00e4chsten Jahren mit einer soliden Einnahmebasis rechnen. Im laufenden Jahr 2015 k\u00f6nnen Bund, L\u00e4nder und Gemeinden gegen\u00fcber der letzten Steuersch\u00e4tzung vom [&hellip;]<\/p>\n","protected":false},"author":7,"featured_media":1513,"comment_status":"closed","ping_status":"open","sticky":false,"template":"","format":"standard","meta":{"footnotes":""},"categories":[44,3,334],"tags":[1779],"class_list":["post-8546","post","type-post","status-publish","format-standard","has-post-thumbnail","hentry","category-deutschland-2","category-news","category-wissenschaft","tag-steuerschaetzungen"],"_links":{"self":[{"href":"https:\/\/www.frankensicht.de\/index.php?rest_route=\/wp\/v2\/posts\/8546","targetHints":{"allow":["GET"]}}],"collection":[{"href":"https:\/\/www.frankensicht.de\/index.php?rest_route=\/wp\/v2\/posts"}],"about":[{"href":"https:\/\/www.frankensicht.de\/index.php?rest_route=\/wp\/v2\/types\/post"}],"author":[{"embeddable":true,"href":"https:\/\/www.frankensicht.de\/index.php?rest_route=\/wp\/v2\/users\/7"}],"replies":[{"embeddable":true,"href":"https:\/\/www.frankensicht.de\/index.php?rest_route=%2Fwp%2Fv2%2Fcomments&post=8546"}],"version-history":[{"count":0,"href":"https:\/\/www.frankensicht.de\/index.php?rest_route=\/wp\/v2\/posts\/8546\/revisions"}],"wp:featuredmedia":[{"embeddable":true,"href":"https:\/\/www.frankensicht.de\/index.php?rest_route=\/wp\/v2\/media\/1513"}],"wp:attachment":[{"href":"https:\/\/www.frankensicht.de\/index.php?rest_route=%2Fwp%2Fv2%2Fmedia&parent=8546"}],"wp:term":[{"taxonomy":"category","embeddable":true,"href":"https:\/\/www.frankensicht.de\/index.php?rest_route=%2Fwp%2Fv2%2Fcategories&post=8546"},{"taxonomy":"post_tag","embeddable":true,"href":"https:\/\/www.frankensicht.de\/index.php?rest_route=%2Fwp%2Fv2%2Ftags&post=8546"}],"curies":[{"name":"wp","href":"https:\/\/api.w.org\/{rel}","templated":true}]}}