{"id":8538,"date":"2015-05-22T07:50:39","date_gmt":"2015-05-22T05:50:39","guid":{"rendered":"http:\/\/www.frankensicht.de\/?p=8538"},"modified":"2015-05-22T07:50:39","modified_gmt":"2015-05-22T05:50:39","slug":"kunstminister-spaenle-wuerdigt-kostuem-und-buehnenbildner-juergen-rose-bei-eroeffnung-der-dem-kuenstler-gewidmeten-ausstellung","status":"publish","type":"post","link":"https:\/\/www.frankensicht.de\/?p=8538","title":{"rendered":"Kunstminister Spaenle w\u00fcrdigt Kost\u00fcm- und B\u00fchnenbildner J\u00fcrgen Rose bei Er\u00f6ffnung der dem K\u00fcnstler gewidmeten Ausstellung"},"content":{"rendered":"<p><span style=\"color: #ff0000;\">M\u00fcnchen:<\/span><\/p>\n<p>Kunstminister Spaenle w\u00fcrdigt Kost\u00fcm- und B\u00fchnenbildner J\u00fcrgen Rose bei Er\u00f6ffnung der dem K\u00fcnstler gewidmeten Ausstellung<br \/>\n&#8222;Mit Kreativit\u00e4t, Phantasie und Liebe zum Detail bereichert er M\u00fcnchens Kulturlandschaft seit Jahrzehnten&#8220;<\/p>\n<p>&#8222;Ob als Regisseur, Kost\u00fcm- oder B\u00fchnenbildner &#8211; schon seit mehr als f\u00fcnf Jahrzehnten pr\u00e4gt J\u00fcrgen Rose M\u00fcnchens Schauspiel-, Ballett- und Opernlandschaft in besonderer Weise mit seinen Ideen&#8220;, sagte Kunstminister Dr. Ludwig Spaenle heute bei der Er\u00f6ffnung der Ausstellung &#8222;J\u00fcrgen Rose &#8211; Nichts ist so lebensf\u00fcllend wie das Theater&#8220; in M\u00fcnchen. &#8222;Ein Besuch der von J\u00fcrgen Rose mitgestalteten Ausstellung gew\u00e4hrt Einblicke in das mannigfaltige Lebenswerk des vielseitigen Ausnahmek\u00fcnstlers, der \u00fcber 300 Inszenierungen in verschiedenen L\u00e4ndern mit seiner Phantasie, seiner Kreativit\u00e4t und seiner Liebe zum Detail bereichert hat&#8220;, fuhr der Minister fort.<\/p>\n<p><a href=\"https:\/\/www.frankensicht.de\/?attachment_id=7144\" rel=\"attachment wp-att-7144\"><img loading=\"lazy\" decoding=\"async\" class=\"alignnone size-medium wp-image-7144\" src=\"https:\/\/www.frankensicht.de\/wp-content\/uploads\/2014\/05\/himmel-2-300x225.jpg\" alt=\"himmel 2\" width=\"300\" height=\"225\" srcset=\"https:\/\/www.frankensicht.de\/wp-content\/uploads\/2014\/05\/himmel-2-300x225.jpg 300w, https:\/\/www.frankensicht.de\/wp-content\/uploads\/2014\/05\/himmel-2.jpg 640w\" sizes=\"auto, (max-width: 300px) 100vw, 300px\" \/><\/a><\/p>\n<p>Von 22. Mai bis 18. Oktober pr\u00e4sentiert das Deutsche Theatermuseum gemeinsam mit der Bayerischen Akademie der Sch\u00f6nen K\u00fcnste eine dem K\u00fcnstler gewidmete Ausstellung: In den R\u00e4umen der Akademie im K\u00f6nigsbau der M\u00fcnchener Residenz sind \u00fcber hundertf\u00fcnfzig von Rose geschaffene Originalkost\u00fcme zu sehen, das Deutsche Theatermuseum zeigt in den von J\u00fcrgen Rose selbst gestalteten Ausstellungsr\u00e4umen u. a. Originalentw\u00fcrfe, Kost\u00fcme und zahlreiche Originalmodelle zur Verdeutlichung der \u00e4sthetischen Gestaltungsprinzipien seiner B\u00fchnenr\u00e4ume.<\/p>\n<p>J\u00fcrgen Rose wirkte bisher u. a. an den M\u00fcnchner Kammerspielen, dem Residenztheater und der Bayerischen Staatsoper M\u00fcnchen, an den Staatlichen Schauspielb\u00fchnen Berlin, den Staatstheatern Stuttgart, den Staatsopern von Hamburg und Wien, der Mail\u00e4nder Scala, dem Royal Opera House London und bei den Festspielen von Bayreuth und Salzburg. Von 1973 bis 2000 hatte Rose eine ordentliche Professur f\u00fcr die B\u00fchnenbildklasse an der Staatlichen Akademie der bildenden K\u00fcnste in Stuttgart inne. Seit den 1990er Jahren realisiert er als Regisseur eigene Operninszenierungen.<\/p>\n<p>Quelle:stmbw.bayern.de<\/p>\n","protected":false},"excerpt":{"rendered":"<p>M\u00fcnchen: Kunstminister Spaenle w\u00fcrdigt Kost\u00fcm- und B\u00fchnenbildner J\u00fcrgen Rose bei Er\u00f6ffnung der dem K\u00fcnstler gewidmeten Ausstellung &#8222;Mit Kreativit\u00e4t, Phantasie und Liebe zum Detail bereichert er M\u00fcnchens Kulturlandschaft seit Jahrzehnten&#8220; &#8222;Ob als Regisseur, Kost\u00fcm- oder B\u00fchnenbildner &#8211; schon seit mehr als f\u00fcnf Jahrzehnten pr\u00e4gt J\u00fcrgen Rose M\u00fcnchens Schauspiel-, Ballett- und Opernlandschaft in besonderer Weise mit seinen [&hellip;]<\/p>\n","protected":false},"author":7,"featured_media":7057,"comment_status":"closed","ping_status":"open","sticky":false,"template":"","format":"standard","meta":{"footnotes":""},"categories":[78,71],"tags":[1777],"class_list":["post-8538","post","type-post","status-publish","format-standard","has-post-thumbnail","hentry","category-bayern","category-menue","tag-kulturschaffende"],"_links":{"self":[{"href":"https:\/\/www.frankensicht.de\/index.php?rest_route=\/wp\/v2\/posts\/8538","targetHints":{"allow":["GET"]}}],"collection":[{"href":"https:\/\/www.frankensicht.de\/index.php?rest_route=\/wp\/v2\/posts"}],"about":[{"href":"https:\/\/www.frankensicht.de\/index.php?rest_route=\/wp\/v2\/types\/post"}],"author":[{"embeddable":true,"href":"https:\/\/www.frankensicht.de\/index.php?rest_route=\/wp\/v2\/users\/7"}],"replies":[{"embeddable":true,"href":"https:\/\/www.frankensicht.de\/index.php?rest_route=%2Fwp%2Fv2%2Fcomments&post=8538"}],"version-history":[{"count":0,"href":"https:\/\/www.frankensicht.de\/index.php?rest_route=\/wp\/v2\/posts\/8538\/revisions"}],"wp:featuredmedia":[{"embeddable":true,"href":"https:\/\/www.frankensicht.de\/index.php?rest_route=\/wp\/v2\/media\/7057"}],"wp:attachment":[{"href":"https:\/\/www.frankensicht.de\/index.php?rest_route=%2Fwp%2Fv2%2Fmedia&parent=8538"}],"wp:term":[{"taxonomy":"category","embeddable":true,"href":"https:\/\/www.frankensicht.de\/index.php?rest_route=%2Fwp%2Fv2%2Fcategories&post=8538"},{"taxonomy":"post_tag","embeddable":true,"href":"https:\/\/www.frankensicht.de\/index.php?rest_route=%2Fwp%2Fv2%2Ftags&post=8538"}],"curies":[{"name":"wp","href":"https:\/\/api.w.org\/{rel}","templated":true}]}}