{"id":8533,"date":"2015-05-21T09:47:13","date_gmt":"2015-05-21T07:47:13","guid":{"rendered":"http:\/\/www.frankensicht.de\/?p=8533"},"modified":"2015-05-21T09:47:13","modified_gmt":"2015-05-21T07:47:13","slug":"bayern-setzt-auf-eine-noch-staerkere-wirtschaftliche-zusammenarbeit-mit-der-tschechischen-republik","status":"publish","type":"post","link":"https:\/\/www.frankensicht.de\/?p=8533","title":{"rendered":"Bayern setzt auf eine noch st\u00e4rkere wirtschaftliche Zusammenarbeit mit der Tschechischen Republik."},"content":{"rendered":"<p><span style=\"color: #ff0000;\">Prag &#8211; M\u00fcnchen:<\/span><\/p>\n<p>Bayern setzt auf eine noch st\u00e4rkere wirtschaftliche Zusammenarbeit mit der Tschechischen Republik. Anl\u00e4sslich des zweiten Deutsch-Tschechischen Verkehrsforums in Prag betonte Bayerns Wirtschaftsstaatssekret\u00e4r Franz Josef Pschierer: In den letzten zehn Jahren hat sich das bayerisch-tschechische Handelsvolumen auf mehr als 16 Milliarden Euro verdoppelt. Darauf k\u00f6nnen wir aufbauen, es ist gen\u00fcgend Potential f\u00fcr eine Fortsetzung der Erfolgsgeschichte vorhanden.<\/p>\n<p><a href=\"https:\/\/www.frankensicht.de\/?attachment_id=8536\" rel=\"attachment wp-att-8536\"><img loading=\"lazy\" decoding=\"async\" class=\"alignnone size-medium wp-image-8536\" src=\"https:\/\/www.frankensicht.de\/wp-content\/uploads\/2015\/05\/tschechische-republik-300x200.png\" alt=\"tschechische-republik\" width=\"300\" height=\"200\" srcset=\"https:\/\/www.frankensicht.de\/wp-content\/uploads\/2015\/05\/tschechische-republik-300x200.png 300w, https:\/\/www.frankensicht.de\/wp-content\/uploads\/2015\/05\/tschechische-republik-220x146.png 220w, https:\/\/www.frankensicht.de\/wp-content\/uploads\/2015\/05\/tschechische-republik.png 900w\" sizes=\"auto, (max-width: 300px) 100vw, 300px\" \/><\/a><\/p>\n<p>Neben den im Rahmen des Verkehrsforums angesprochenen Infrastrukturfragen sei es wichtig, \u00fcber den Aufbau gemeinsamer Kooperationsprojekte und Netzwerke zwischen Wirtschaft, Wissenschaft und Forschung auch die wirtschaftliche Zusammenarbeit in den Mittelpunkt zu stellen.<\/p>\n<p>Dies werde das f\u00fcr die grenz\u00fcbergreifende Zusammenarbeit zust\u00e4ndige Wirtschaftsministerium in den kommenden Monaten weiter vorantreiben: &amp;bdquo;Mit unserem INTERREG-Programm stehen f\u00fcr grenz\u00fcberschreitende Projekte bis zum Jahr 2020 \u00fcber 100 Millionen Euro f\u00fcr die F\u00f6rderung grenz\u00fcbergreifende Kooperationsvorhaben bereit. Gerade in den Zukunftsfeldern Forschung und Innovation ergeben sich vielf\u00e4ltige Ansatzpunkte, um die vorhandenen Potentiale in beiden L\u00e4ndern zu nutzen. Auch in der grenz\u00fcbergreifenden Tourismuswerbung, der Medienzusammenarbeit und der Frage grenz\u00fcbergreifender Gewerbegebiete werden wir neue Akzente setzen&amp;ldquo; unterstrich der Staatssekret\u00e4r.<\/p>\n<p>Die Tschechische Republik liegt derzeit auf dem siebten Platz der wichtigsten Handelspartner Bayerns in der Welt.<\/p>\n<p>Quelle: \u00a0stmwi.bayern.de<\/p>\n","protected":false},"excerpt":{"rendered":"<p>Prag &#8211; M\u00fcnchen: Bayern setzt auf eine noch st\u00e4rkere wirtschaftliche Zusammenarbeit mit der Tschechischen Republik. Anl\u00e4sslich des zweiten Deutsch-Tschechischen Verkehrsforums in Prag betonte Bayerns Wirtschaftsstaatssekret\u00e4r Franz Josef Pschierer: In den letzten zehn Jahren hat sich das bayerisch-tschechische Handelsvolumen auf mehr als 16 Milliarden Euro verdoppelt. Darauf k\u00f6nnen wir aufbauen, es ist gen\u00fcgend Potential f\u00fcr eine [&hellip;]<\/p>\n","protected":false},"author":7,"featured_media":8536,"comment_status":"closed","ping_status":"open","sticky":false,"template":"","format":"standard","meta":{"footnotes":""},"categories":[78,71],"tags":[1776],"class_list":["post-8533","post","type-post","status-publish","format-standard","has-post-thumbnail","hentry","category-bayern","category-menue","tag-tschechische-republik"],"_links":{"self":[{"href":"https:\/\/www.frankensicht.de\/index.php?rest_route=\/wp\/v2\/posts\/8533","targetHints":{"allow":["GET"]}}],"collection":[{"href":"https:\/\/www.frankensicht.de\/index.php?rest_route=\/wp\/v2\/posts"}],"about":[{"href":"https:\/\/www.frankensicht.de\/index.php?rest_route=\/wp\/v2\/types\/post"}],"author":[{"embeddable":true,"href":"https:\/\/www.frankensicht.de\/index.php?rest_route=\/wp\/v2\/users\/7"}],"replies":[{"embeddable":true,"href":"https:\/\/www.frankensicht.de\/index.php?rest_route=%2Fwp%2Fv2%2Fcomments&post=8533"}],"version-history":[{"count":0,"href":"https:\/\/www.frankensicht.de\/index.php?rest_route=\/wp\/v2\/posts\/8533\/revisions"}],"wp:featuredmedia":[{"embeddable":true,"href":"https:\/\/www.frankensicht.de\/index.php?rest_route=\/wp\/v2\/media\/8536"}],"wp:attachment":[{"href":"https:\/\/www.frankensicht.de\/index.php?rest_route=%2Fwp%2Fv2%2Fmedia&parent=8533"}],"wp:term":[{"taxonomy":"category","embeddable":true,"href":"https:\/\/www.frankensicht.de\/index.php?rest_route=%2Fwp%2Fv2%2Fcategories&post=8533"},{"taxonomy":"post_tag","embeddable":true,"href":"https:\/\/www.frankensicht.de\/index.php?rest_route=%2Fwp%2Fv2%2Ftags&post=8533"}],"curies":[{"name":"wp","href":"https:\/\/api.w.org\/{rel}","templated":true}]}}