{"id":8528,"date":"2015-05-20T08:40:53","date_gmt":"2015-05-20T06:40:53","guid":{"rendered":"http:\/\/www.frankensicht.de\/?p=8528"},"modified":"2015-05-20T08:40:53","modified_gmt":"2015-05-20T06:40:53","slug":"umweltministerin-scharf-zeichnet-jugendfarm-erlangen-als-staatlich-anerkannte-umweltstation-aus","status":"publish","type":"post","link":"https:\/\/www.frankensicht.de\/?p=8528","title":{"rendered":"Umweltministerin Scharf zeichnet Jugendfarm Erlangen als staatlich anerkannte Umweltstation aus"},"content":{"rendered":"<p><span style=\"color: #ff0000;\">Erlangen:<\/span><\/p>\n<p>Umweltministerin Scharf zeichnet Jugendfarm Erlangen als staatlich anerkannte Umweltstation aus<\/p>\n<p>Die Jugendfarm Erlangen bietet Kindern und Jugendlichen seit 40 Jahren die Gelegenheit, die Tierwelt und die Natur zu erleben. Dabei leistet die Jugendfarm einen wichtigen Beitrag zur Bildung f\u00fcr nachhaltige Entwicklung.<\/p>\n<p>Die Bayerische Umweltministerin Ulrike Scharf und der Bayerische Innenminister Joachim Herrmann w\u00fcrdigen das langj\u00e4hrige Engagement der Jugendfarm Erlangen bei einem gemeinsamen Besuch. Anschlie\u00dfend wird die Jugendfarm als staatlich anerkannte Umweltstation ausgezeichnet am<\/p>\n<p><a href=\"https:\/\/www.frankensicht.de\/?attachment_id=6464\" rel=\"attachment wp-att-6464\"><img loading=\"lazy\" decoding=\"async\" class=\"alignnone size-medium wp-image-6464\" src=\"https:\/\/www.frankensicht.de\/wp-content\/uploads\/2013\/11\/muelleimer-300x225.jpg\" alt=\"muelleimer\" width=\"300\" height=\"225\" srcset=\"https:\/\/www.frankensicht.de\/wp-content\/uploads\/2013\/11\/muelleimer-300x225.jpg 300w, https:\/\/www.frankensicht.de\/wp-content\/uploads\/2013\/11\/muelleimer.jpg 640w\" sizes=\"auto, (max-width: 300px) 100vw, 300px\" \/><\/a><\/p>\n<p>Freitag, 22. Mai 2015, 15 Uhr,<br \/>\nSpardorfer Stra\u00dfe 82,<br \/>\n91054 Erlangen.<\/p>\n<p>Des Weiteren verleiht Umweltministerin Scharf sieben Umweltbildungseinrichtungen das Qualit\u00e4tssiegel &#8222;Umweltbildung.Bayern&#8220;. Die Ausgezeichneten sind:<br \/>\nAbfallzweckverband Stadt und Landkreis Hof, Oberfranken<br \/>\nChiemsee Naturf\u00fchrer &amp;ndash; Verein der Natur- und Landschaftsf\u00fchrerInnen, Inn &amp;ndash; Salzach e. V., Oberbayern<br \/>\nDie Umwelt-Akademie e. V., Oberbayern<br \/>\nEine Welt Laden Teublitz e. V., Oberpfalz<br \/>\nHeinershof e. V., Oberfranken<br \/>\nJugendfarm Erlangen, Mittelfranken<br \/>\nJugendbildungsst\u00e4tte Windberg, Niederbayern<\/p>\n<p>Quelle:stmuv.bayern.de<\/p>\n","protected":false},"excerpt":{"rendered":"<p>Erlangen: Umweltministerin Scharf zeichnet Jugendfarm Erlangen als staatlich anerkannte Umweltstation aus Die Jugendfarm Erlangen bietet Kindern und Jugendlichen seit 40 Jahren die Gelegenheit, die Tierwelt und die Natur zu erleben. Dabei leistet die Jugendfarm einen wichtigen Beitrag zur Bildung f\u00fcr nachhaltige Entwicklung. Die Bayerische Umweltministerin Ulrike Scharf und der Bayerische Innenminister Joachim Herrmann w\u00fcrdigen das [&hellip;]<\/p>\n","protected":false},"author":7,"featured_media":6464,"comment_status":"closed","ping_status":"open","sticky":false,"template":"","format":"standard","meta":{"footnotes":""},"categories":[78,71],"tags":[1775],"class_list":["post-8528","post","type-post","status-publish","format-standard","has-post-thumbnail","hentry","category-bayern","category-menue","tag-jugendfarm"],"_links":{"self":[{"href":"https:\/\/www.frankensicht.de\/index.php?rest_route=\/wp\/v2\/posts\/8528","targetHints":{"allow":["GET"]}}],"collection":[{"href":"https:\/\/www.frankensicht.de\/index.php?rest_route=\/wp\/v2\/posts"}],"about":[{"href":"https:\/\/www.frankensicht.de\/index.php?rest_route=\/wp\/v2\/types\/post"}],"author":[{"embeddable":true,"href":"https:\/\/www.frankensicht.de\/index.php?rest_route=\/wp\/v2\/users\/7"}],"replies":[{"embeddable":true,"href":"https:\/\/www.frankensicht.de\/index.php?rest_route=%2Fwp%2Fv2%2Fcomments&post=8528"}],"version-history":[{"count":0,"href":"https:\/\/www.frankensicht.de\/index.php?rest_route=\/wp\/v2\/posts\/8528\/revisions"}],"wp:featuredmedia":[{"embeddable":true,"href":"https:\/\/www.frankensicht.de\/index.php?rest_route=\/wp\/v2\/media\/6464"}],"wp:attachment":[{"href":"https:\/\/www.frankensicht.de\/index.php?rest_route=%2Fwp%2Fv2%2Fmedia&parent=8528"}],"wp:term":[{"taxonomy":"category","embeddable":true,"href":"https:\/\/www.frankensicht.de\/index.php?rest_route=%2Fwp%2Fv2%2Fcategories&post=8528"},{"taxonomy":"post_tag","embeddable":true,"href":"https:\/\/www.frankensicht.de\/index.php?rest_route=%2Fwp%2Fv2%2Ftags&post=8528"}],"curies":[{"name":"wp","href":"https:\/\/api.w.org\/{rel}","templated":true}]}}