{"id":8525,"date":"2015-05-19T10:02:09","date_gmt":"2015-05-19T08:02:09","guid":{"rendered":"http:\/\/www.frankensicht.de\/?p=8525"},"modified":"2015-05-19T10:02:09","modified_gmt":"2015-05-19T08:02:09","slug":"bayern-erweitert-angebote-fuer-menschen-mit-chronischen-schmerzen","status":"publish","type":"post","link":"https:\/\/www.frankensicht.de\/?p=8525","title":{"rendered":"Bayern erweitert Angebote f\u00fcr Menschen mit chronischen Schmerzen"},"content":{"rendered":"<p><span style=\"color: #ff0000;\">M\u00fcnchen:<\/span><\/p>\n<p>Bayern erweitert Angebote f\u00fcr Menschen mit chronischen Schmerzen &#8211; Bayerns Gesundheitsministerin Huml: Versorgung von Schmerzpatienten wird verbessert<\/p>\n<p>Mit der Einrichtung neuer Schmerztageskliniken wird die Versorgung von Schmerzpatienten in Bayern weiter verbessert. Bayerns Gesundheits- und Pflegeministerin Melanie Huml betonte am Dienstag in M\u00fcnchen: &#8222;In der gestrigen Sitzung des Krankenhausplanungsausschusses haben wir neue Angebote f\u00fcr Menschen mit chronischen Schmerzen auf den Weg gebracht. Schmerzpatienten k\u00f6nnen k\u00fcnftig an Schmerztageskliniken eine auf ihre Bed\u00fcrfnisse zugeschnittene Behandlung in Anspruch nehmen. Lange Leidenswege k\u00f6nnen so vermieden werden.&#8220;<\/p>\n<p>Der Ausschuss hat sich unter der Leitung der Ministerin unter anderem daf\u00fcr ausgesprochen, dass am Klinikum Landkreis Erding sowie am Krankenhaus Schongau eine Tagesklinik f\u00fcr Schmerztherapie eingerichtet werden kann, sobald die Pr\u00fcfung der medizinischen Konzepte abgeschlossen ist. Auch f\u00fcr die Kreisklinik W\u00f6rth an der Donau hat der Krankenhausplanungsausschuss die Etablierung einer Schmerztagesklinik bef\u00fcrwortet &#8211; unter der Voraussetzung, dass die Konzeptpr\u00fcfung positiv abgeschlossen ist. Dar\u00fcber hinaus soll die Tagesklinik f\u00fcr Schmerztherapie am Klinikum F\u00fcrth um drei Pl\u00e4tze erweitert werden.<\/p>\n<p><a href=\"https:\/\/www.frankensicht.de\/?attachment_id=4951\" rel=\"attachment wp-att-4951\"><img loading=\"lazy\" decoding=\"async\" class=\"alignnone size-medium wp-image-4951\" src=\"https:\/\/www.frankensicht.de\/wp-content\/uploads\/2013\/01\/krankenhaus-300x187.jpg\" alt=\"krankenhaus\" width=\"300\" height=\"187\" srcset=\"https:\/\/www.frankensicht.de\/wp-content\/uploads\/2013\/01\/krankenhaus-300x187.jpg 300w, https:\/\/www.frankensicht.de\/wp-content\/uploads\/2013\/01\/krankenhaus.jpg 640w\" sizes=\"auto, (max-width: 300px) 100vw, 300px\" \/><\/a><\/p>\n<p>In den Tageskliniken erhalten Patienten mit chronischen Schmerzen eine sogenannte multimodale Schmerztherapie. Das bedeutet, dass verschiedene Fachdisziplinen bei der Therapie zusammenarbeiten. Neben der \u00e4rztlichen Behandlung sehen die Behandlungspl\u00e4ne auch intensive Informationen und Schulungen der Patienten sowie eine k\u00f6rperliche Aktivierung vor.<\/p>\n<p>Die Ministerin unterstrich: &#8222;Ziel der Behandlung ist es, die Lebensqualit\u00e4t der Schmerzpatienten zu steigern. Sie lernen dabei, mit den Schmerzen umzugehen und wieder aktiv am Leben teilzunehmen.&#8220;<\/p>\n<p>In Bayern gibt es bereits 26 Schmerztageskliniken mit insgesamt 234 Pl\u00e4tzen. Allein im vergangenen Jahr wurden dort rund 9.900 Patienten behandelt.<\/p>\n<p>Quelle:stmgp.bayern.de<\/p>\n","protected":false},"excerpt":{"rendered":"<p>M\u00fcnchen: Bayern erweitert Angebote f\u00fcr Menschen mit chronischen Schmerzen &#8211; Bayerns Gesundheitsministerin Huml: Versorgung von Schmerzpatienten wird verbessert Mit der Einrichtung neuer Schmerztageskliniken wird die Versorgung von Schmerzpatienten in Bayern weiter verbessert. Bayerns Gesundheits- und Pflegeministerin Melanie Huml betonte am Dienstag in M\u00fcnchen: &#8222;In der gestrigen Sitzung des Krankenhausplanungsausschusses haben wir neue Angebote f\u00fcr Menschen [&hellip;]<\/p>\n","protected":false},"author":7,"featured_media":4951,"comment_status":"closed","ping_status":"open","sticky":false,"template":"","format":"standard","meta":{"footnotes":""},"categories":[78,71],"tags":[1774],"class_list":["post-8525","post","type-post","status-publish","format-standard","has-post-thumbnail","hentry","category-bayern","category-menue","tag-schmerzen"],"_links":{"self":[{"href":"https:\/\/www.frankensicht.de\/index.php?rest_route=\/wp\/v2\/posts\/8525","targetHints":{"allow":["GET"]}}],"collection":[{"href":"https:\/\/www.frankensicht.de\/index.php?rest_route=\/wp\/v2\/posts"}],"about":[{"href":"https:\/\/www.frankensicht.de\/index.php?rest_route=\/wp\/v2\/types\/post"}],"author":[{"embeddable":true,"href":"https:\/\/www.frankensicht.de\/index.php?rest_route=\/wp\/v2\/users\/7"}],"replies":[{"embeddable":true,"href":"https:\/\/www.frankensicht.de\/index.php?rest_route=%2Fwp%2Fv2%2Fcomments&post=8525"}],"version-history":[{"count":0,"href":"https:\/\/www.frankensicht.de\/index.php?rest_route=\/wp\/v2\/posts\/8525\/revisions"}],"wp:featuredmedia":[{"embeddable":true,"href":"https:\/\/www.frankensicht.de\/index.php?rest_route=\/wp\/v2\/media\/4951"}],"wp:attachment":[{"href":"https:\/\/www.frankensicht.de\/index.php?rest_route=%2Fwp%2Fv2%2Fmedia&parent=8525"}],"wp:term":[{"taxonomy":"category","embeddable":true,"href":"https:\/\/www.frankensicht.de\/index.php?rest_route=%2Fwp%2Fv2%2Fcategories&post=8525"},{"taxonomy":"post_tag","embeddable":true,"href":"https:\/\/www.frankensicht.de\/index.php?rest_route=%2Fwp%2Fv2%2Ftags&post=8525"}],"curies":[{"name":"wp","href":"https:\/\/api.w.org\/{rel}","templated":true}]}}