{"id":8515,"date":"2015-05-15T08:02:58","date_gmt":"2015-05-15T06:02:58","guid":{"rendered":"http:\/\/www.frankensicht.de\/?p=8515"},"modified":"2015-05-15T08:02:58","modified_gmt":"2015-05-15T06:02:58","slug":"j7-jugendgipfel","status":"publish","type":"post","link":"https:\/\/www.frankensicht.de\/?p=8515","title":{"rendered":"J7 Jugendgipfel"},"content":{"rendered":"<p><span style=\"color: #ff0000;\">Berlin:<\/span><\/p>\n<p>J7 Jugendgipfel<\/p>\n<p>Act Now: Jugendliche fordern mehr Beteiligung im politischen Prozess<br \/>\nZum Abschluss des J7-Jugendgipfels am 13. Mai (heute) in der Jerusalemkirche in<br \/>\nBerlin pr\u00e4sentierten die 54 M\u00e4dchen und Jungen im Alter von 14 bis 18 Jahren ihre<br \/>\nForderungen an die G7-Staaten. Staatssekret\u00e4r Dr. Ralf Kleindiek \u00fcberreichte den<br \/>\nTeilnehmerinnen und Teilnehmern ihre Urkunden:<\/p>\n<p>&#8222;Die Jungen und M\u00e4dchen haben in den vergangenen neun Tagen gezeigt, dass sie<br \/>\n\u00fcber alle Grenzen hinweg die Welt als &#8222;eine Welt&#8220; begreifen, indem sie W\u00fcnsche<br \/>\nund Forderungen formuliert haben, die die Weltgemeinschaft betreffen. Vor allem<br \/>\naber haben sie deutlich gemacht: Ohne die Jugend gibt es keine Zukunft&#8220;, sagte<br \/>\nDr. Ralf Kleindiek.<\/p>\n<p><a href=\"https:\/\/www.frankensicht.de\/?attachment_id=6571\" rel=\"attachment wp-att-6571\"><img loading=\"lazy\" decoding=\"async\" class=\"alignnone size-medium wp-image-6571\" src=\"https:\/\/www.frankensicht.de\/wp-content\/uploads\/2013\/12\/euro-fahne-300x200.jpg\" alt=\"euro-fahne\" width=\"300\" height=\"200\" srcset=\"https:\/\/www.frankensicht.de\/wp-content\/uploads\/2013\/12\/euro-fahne-300x200.jpg 300w, https:\/\/www.frankensicht.de\/wp-content\/uploads\/2013\/12\/euro-fahne-220x146.jpg 220w, https:\/\/www.frankensicht.de\/wp-content\/uploads\/2013\/12\/euro-fahne.jpg 794w\" sizes=\"auto, (max-width: 300px) 100vw, 300px\" \/><\/a><\/p>\n<p>Neben den vier Themen &#8222;Protecting our planet&#8220;, &#8222;Building a Healthy Future for<br \/>\nAll&#8220;, &#8222;Empowerment of Women and Girls&#8220; und &#8222;Fair Economy&#8220;, die bei dem G7-Treffen<br \/>\nder Staats-und Regierungschefs in Elmau auf der Tagesordnung stehen werden, haben<br \/>\ndie Jugendlichen noch ein f\u00fcnftes Thema beim J7-Gipfel selbst entwickelt:<\/p>\n<p>&#8222;Act Now: Youth Involvement&#8220;, Partizipation von Jugendlichen.<\/p>\n<p>&#8222;Der J7-Gipfel beweist, dass Heranwachsende wichtige Beitr\u00e4ge zu anspruchsvollen<br \/>\nDiskussionen \u00fcber zentrale Zukunftsfragen leisten wollen und k\u00f6nnen. Dies l\u00e4sst<br \/>\nhoffen, dass auch in Zukunft auf nationaler und internationaler Ebene der Stimme<br \/>\nder Kinder mehr Gewicht gegeben wird&#8220;, sagt Dr. Sebastian Sedlmayr, Leiter<br \/>\nAbteilung Kinderrechte und Politik bei UNICEF Deutschland.<\/p>\n<p>In Ihrer Resolution erkl\u00e4ren die Jugendlichen:<\/p>\n<p>&#8222;Die Act Now-Initiative will die Jugendlichen nicht nur dabei unterst\u00fctzen, ihre<br \/>\nMeinung zu sagen, sondern ihnen eine Stimme geben, die wirksam und einflussreich<br \/>\nist. Es ist \u00e4u\u00dferst wichtig, dass junge Menschen in jeder Region der Welt, die<br \/>\nM\u00f6glichkeit haben, ihre Stimme zu erheben und L\u00f6sungsm\u00f6glichkeiten f\u00fcr die<br \/>\nverschiedenen sozialen und politischen Probleme zu entwickeln. Junge Menschen<br \/>\nm\u00fcssen dabei unterst\u00fctzt werden, die F\u00e4higkeiten zu entwickeln, die es braucht,<br \/>\num gegen Ungerechtigkeiten anzuk\u00e4mpfen.&#8220;<\/p>\n<p>Drei verschiedene Aktionen schlagen die Jugendlichen vor:<\/p>\n<p>1.\u00a0\u00a0\u00a0\u00a0 Ma\u00dfnahmen, um Jugendbeteiligung\/Jugendpartizipation in den<br \/>\nEntwicklungsl\u00e4ndern zu erm\u00f6glichen bzw. wenn vorhanden, deutlich zu st\u00e4rken<\/p>\n<p>2.\u00a0\u00a0\u00a0\u00a0 Ma\u00dfnahmen, um Jugendbeteiligung\/Jugendpartizipation in den<br \/>\nIndustriestaaten zu st\u00e4rken<\/p>\n<p>3.\u00a0\u00a0\u00a0\u00a0 Eine weltweite Kommunikationsinitiative (Twitter, YouTube, Facebook), an<br \/>\nder sich alle Kinder und Jugendlichen beteiligen k\u00f6nnen<\/p>\n<p>Vom 6. bis zum 13. Mai haben die Jugendlichen erarbeitet, welchen Beitrag aus<br \/>\nihrer Sicht die f\u00fchrenden Industrienationen zur L\u00f6sung der globalen Probleme wie<br \/>\nden Schutz unseres Planeten, mehr globale Gerechtigkeit und gleiche Chancen f\u00fcr<br \/>\nalle Kinder leisten m\u00fcssen. Ziel des Gipfels war es, jungen Menschen eine Stimme<br \/>\nzu geben und der \u00d6ffentlichkeit und den Entscheidungstr\u00e4gern die Meinung der<br \/>\nnachwachsenden Generation zu den dr\u00e4ngenden Zukunftsfragen nahe zu bringen.<\/p>\n<p>Die Teilnehmerinnen und Teilnehmer kamen aus den G7-Staaten Deutschland,<br \/>\nFrankreich, Gro\u00dfbritannien, Kanada, Italien, Japan und den USA. Hinzu kamen<br \/>\nJugendliche aus den EU-Mitgliedstaaten Finnland, Griechenland, Irland, Polen,<br \/>\nPortugal und Slowenien. Jugendliche aus \u00c4thiopien, der Dominikanischen Republik,<br \/>\nSambia, Senegal und S\u00fcdafrika brachten die Perspektive der Entwicklungsl\u00e4nder<br \/>\nein.<\/p>\n<p>Der J7-Gipfel ist offizieller Teil des Dialogs mit der Zivilgesellschaft<br \/>\nanl\u00e4sslich des Treffens der Staats- und Regierungschefs der f\u00fchrenden<br \/>\nIndustrienationen Anfang Juni in Deutschland.<\/p>\n<p>Weitere Informationen unter www.j7summit.org &lt;http:\/\/www.j7summit.org\/&gt;<\/p>\n<p>Hashtag: #j7summit und #actnow<\/p>\n<p>Quelle:bmfsfj.bund.de<\/p>\n","protected":false},"excerpt":{"rendered":"<p>Berlin: J7 Jugendgipfel Act Now: Jugendliche fordern mehr Beteiligung im politischen Prozess Zum Abschluss des J7-Jugendgipfels am 13. Mai (heute) in der Jerusalemkirche in Berlin pr\u00e4sentierten die 54 M\u00e4dchen und Jungen im Alter von 14 bis 18 Jahren ihre Forderungen an die G7-Staaten. Staatssekret\u00e4r Dr. Ralf Kleindiek \u00fcberreichte den Teilnehmerinnen und Teilnehmern ihre Urkunden: &#8222;Die [&hellip;]<\/p>\n","protected":false},"author":7,"featured_media":6571,"comment_status":"closed","ping_status":"open","sticky":false,"template":"","format":"standard","meta":{"footnotes":""},"categories":[44,3],"tags":[1772],"class_list":["post-8515","post","type-post","status-publish","format-standard","has-post-thumbnail","hentry","category-deutschland-2","category-news","tag-j7-jugendgipfel"],"_links":{"self":[{"href":"https:\/\/www.frankensicht.de\/index.php?rest_route=\/wp\/v2\/posts\/8515","targetHints":{"allow":["GET"]}}],"collection":[{"href":"https:\/\/www.frankensicht.de\/index.php?rest_route=\/wp\/v2\/posts"}],"about":[{"href":"https:\/\/www.frankensicht.de\/index.php?rest_route=\/wp\/v2\/types\/post"}],"author":[{"embeddable":true,"href":"https:\/\/www.frankensicht.de\/index.php?rest_route=\/wp\/v2\/users\/7"}],"replies":[{"embeddable":true,"href":"https:\/\/www.frankensicht.de\/index.php?rest_route=%2Fwp%2Fv2%2Fcomments&post=8515"}],"version-history":[{"count":0,"href":"https:\/\/www.frankensicht.de\/index.php?rest_route=\/wp\/v2\/posts\/8515\/revisions"}],"wp:featuredmedia":[{"embeddable":true,"href":"https:\/\/www.frankensicht.de\/index.php?rest_route=\/wp\/v2\/media\/6571"}],"wp:attachment":[{"href":"https:\/\/www.frankensicht.de\/index.php?rest_route=%2Fwp%2Fv2%2Fmedia&parent=8515"}],"wp:term":[{"taxonomy":"category","embeddable":true,"href":"https:\/\/www.frankensicht.de\/index.php?rest_route=%2Fwp%2Fv2%2Fcategories&post=8515"},{"taxonomy":"post_tag","embeddable":true,"href":"https:\/\/www.frankensicht.de\/index.php?rest_route=%2Fwp%2Fv2%2Ftags&post=8515"}],"curies":[{"name":"wp","href":"https:\/\/api.w.org\/{rel}","templated":true}]}}