{"id":8501,"date":"2015-05-16T11:29:00","date_gmt":"2015-05-16T09:29:00","guid":{"rendered":"http:\/\/www.frankensicht.de\/?p=8501"},"modified":"2015-05-16T11:29:00","modified_gmt":"2015-05-16T09:29:00","slug":"internationale-waldpolitik-muss-besser-werden","status":"publish","type":"post","link":"https:\/\/www.frankensicht.de\/?p=8501","title":{"rendered":"Internationale Waldpolitik muss besser werden"},"content":{"rendered":"<p><span style=\"color: #ff0000;\">New York:<\/span><\/p>\n<p>Schmidt vor der UNO:<br \/>\nInternationale Waldpolitik muss besser werden<\/p>\n<p>F\u00fcr den nachhaltigen Umgang mit den W\u00e4ldern auch auf internationaler Ebene setzt sich Bundesforstminister Christian Schmidt mit seiner Reise zu den Vereinten Nationen ein. &#8222;Die Nachhaltigkeit der W\u00e4lder muss ein erkl\u00e4rtes Ziel der internationalen Staatengemeinschaft sein&#8220;, so Schmidt. &#8222;Wir brauchen eine eigenst\u00e4ndige internationale Waldpolitik&#8220;.<\/p>\n<p><a href=\"https:\/\/www.frankensicht.de\/?attachment_id=8505\" rel=\"attachment wp-att-8505\"><img loading=\"lazy\" decoding=\"async\" class=\"alignnone size-medium wp-image-8505\" src=\"https:\/\/www.frankensicht.de\/wp-content\/uploads\/2015\/05\/P1030464-300x225.jpg\" alt=\"P1030464\" width=\"300\" height=\"225\" srcset=\"https:\/\/www.frankensicht.de\/wp-content\/uploads\/2015\/05\/P1030464-300x225.jpg 300w, https:\/\/www.frankensicht.de\/wp-content\/uploads\/2015\/05\/P1030464.jpg 640w\" sizes=\"auto, (max-width: 300px) 100vw, 300px\" \/><\/a><\/p>\n<p>Beim UNO-Waldforum in New York hat Bundesforstminister Christian Schmidt sich heute f\u00fcr die Vereinbarung internationaler Standards nachhaltiger Waldbewirtschaftung und mehr Koh\u00e4renz und gegenseitige Verst\u00e4rkung bei den verschiedenen internationalen Initiativen eingesetzt. &#8222;Wir brauchen eine verst\u00e4rkte internationale Zusammenarbeit auf dem Gebiet der nachhaltigen Waldwirtschaft, aber auch dem Kapazit\u00e4tsaufbau und des Wissensmanagements&#8220;, sagte der Minister. &#8222;Waldzerst\u00f6rungen, illegaler Holzeinschlag, Gef\u00e4hrdung der W\u00e4lder durch den Klimawandel und andere Risiken besch\u00e4ftigen die Staatengemeinschaft und die Medien regelm\u00e4\u00dfig. Geh\u00f6rig unterbelichtet scheint mir aber das gro\u00dfe und zum Teil noch ungenutzte Potential das die W\u00e4lder f\u00fcr die Menschheit bergen, sofern sie nachhaltig bewirtschaftet werden&#8220; so Christian Schmidt weiter in seiner Rede vor der UNO.<\/p>\n<p>Seine pers\u00f6nliche Teilnahme an dem UNO-Waldforum war dem Bundesforstminister sehr wichtig, weil &#8222;hier die Weichen f\u00fcr die weltweite Waldpolitik gestellt werden. Und diese ist, ungeachtet der entscheidenden Bedeutung der W\u00e4lder f\u00fcr eine Vielzahl von gesellschaftlichen Problemen weltweit, immer noch zu wenig koordiniert.&#8220; Die verschiedenen Initiativen zur Erhaltung der W\u00e4lder, z.B. im Rahmen der Klimaverhandlungen, des Schutzes der biologischen Vielfalt oder der Ma\u00dfnahmen gegen Waldzerst\u00f6rungen durch nicht nachhaltige Palm\u00f6l- oder Sojaproduktion m\u00fcssten besser geb\u00fcndelt und mit den Nutzfunktionen der W\u00e4lder abgestimmt werden. Dazu wird nach Auffassung des Bundesforstministers eine umfassende und eigenst\u00e4ndige Waldpolitik gebraucht.<\/p>\n<p>Quelle: bmel.bund.de<\/p>\n","protected":false},"excerpt":{"rendered":"<p>New York: Schmidt vor der UNO: Internationale Waldpolitik muss besser werden F\u00fcr den nachhaltigen Umgang mit den W\u00e4ldern auch auf internationaler Ebene setzt sich Bundesforstminister Christian Schmidt mit seiner Reise zu den Vereinten Nationen ein. &#8222;Die Nachhaltigkeit der W\u00e4lder muss ein erkl\u00e4rtes Ziel der internationalen Staatengemeinschaft sein&#8220;, so Schmidt. &#8222;Wir brauchen eine eigenst\u00e4ndige internationale Waldpolitik&#8220;. [&hellip;]<\/p>\n","protected":false},"author":7,"featured_media":8505,"comment_status":"closed","ping_status":"open","sticky":false,"template":"","format":"standard","meta":{"footnotes":""},"categories":[3,30],"tags":[1769],"class_list":["post-8501","post","type-post","status-publish","format-standard","has-post-thumbnail","hentry","category-news","category-welt","tag-uno"],"_links":{"self":[{"href":"https:\/\/www.frankensicht.de\/index.php?rest_route=\/wp\/v2\/posts\/8501","targetHints":{"allow":["GET"]}}],"collection":[{"href":"https:\/\/www.frankensicht.de\/index.php?rest_route=\/wp\/v2\/posts"}],"about":[{"href":"https:\/\/www.frankensicht.de\/index.php?rest_route=\/wp\/v2\/types\/post"}],"author":[{"embeddable":true,"href":"https:\/\/www.frankensicht.de\/index.php?rest_route=\/wp\/v2\/users\/7"}],"replies":[{"embeddable":true,"href":"https:\/\/www.frankensicht.de\/index.php?rest_route=%2Fwp%2Fv2%2Fcomments&post=8501"}],"version-history":[{"count":0,"href":"https:\/\/www.frankensicht.de\/index.php?rest_route=\/wp\/v2\/posts\/8501\/revisions"}],"wp:featuredmedia":[{"embeddable":true,"href":"https:\/\/www.frankensicht.de\/index.php?rest_route=\/wp\/v2\/media\/8505"}],"wp:attachment":[{"href":"https:\/\/www.frankensicht.de\/index.php?rest_route=%2Fwp%2Fv2%2Fmedia&parent=8501"}],"wp:term":[{"taxonomy":"category","embeddable":true,"href":"https:\/\/www.frankensicht.de\/index.php?rest_route=%2Fwp%2Fv2%2Fcategories&post=8501"},{"taxonomy":"post_tag","embeddable":true,"href":"https:\/\/www.frankensicht.de\/index.php?rest_route=%2Fwp%2Fv2%2Ftags&post=8501"}],"curies":[{"name":"wp","href":"https:\/\/api.w.org\/{rel}","templated":true}]}}