{"id":8485,"date":"2015-05-08T11:42:18","date_gmt":"2015-05-08T09:42:18","guid":{"rendered":"http:\/\/www.frankensicht.de\/?p=8485"},"modified":"2015-05-08T11:42:18","modified_gmt":"2015-05-08T09:42:18","slug":"wir-muessen-unsere-polizeibeamten-und-rettungskraefte-bestmoeglich-vor-uebergriffen-schuetzen","status":"publish","type":"post","link":"https:\/\/www.frankensicht.de\/?p=8485","title":{"rendered":"Wir m\u00fcssen unsere Polizeibeamten und Rettungskr\u00e4fte bestm\u00f6glich vor \u00dcbergriffen sch\u00fctzen"},"content":{"rendered":"<p><span style=\"color: #ff0000;\">M\u00fcnchen:<\/span><\/p>\n<p>Bayerns Justizminister Bausback zu hessischer Gesetzesinitiative zur \u00c4nderung des Strafgesetzbuches: &#8222;Wir m\u00fcssen unsere Polizeibeamten und Rettungskr\u00e4fte bestm\u00f6glich vor \u00dcbergriffen sch\u00fctzen!&#8220;<br \/>\nHessen stellt heute im Bundesrat seine Gesetzesinitiative zur Schaffung eines Straftatbestandes des t\u00e4tlichen Angriffs auf Polizeibeamte und andere Einsatzkr\u00e4fte vor. Bayerns Justizminister Prof. Dr. Winfried Bausback zu diesem Anlass: &#8222;Gewalt gegen\u00fcber Polizeibeamten ist &#8211; ebenso wie Gewalt zum Beispiel gegen\u00fcber Justizangestellten, Lehrern und Mitarbeitern in Jobcentern &#8211; Ausdruck eines leider immer weiter fortschreitenden Autorit\u00e4tsverlustes unseres Staates und seiner Repr\u00e4sentanten! Ich freue mich daher, dass Hessen diese wichtige Problematik mit seinem Gesetzesantrag wieder in das Zentrum der politischen Diskussion auch auf Bundesebene r\u00fcckt.&#8220;<\/p>\n<p><a href=\"https:\/\/www.frankensicht.de\/?attachment_id=5417\" rel=\"attachment wp-att-5417\"><img loading=\"lazy\" decoding=\"async\" class=\"alignnone size-medium wp-image-5417\" src=\"https:\/\/www.frankensicht.de\/wp-content\/uploads\/2013\/04\/deutschland-300x180.png\" alt=\"deutschland\" width=\"300\" height=\"180\" srcset=\"https:\/\/www.frankensicht.de\/wp-content\/uploads\/2013\/04\/deutschland-300x180.png 300w, https:\/\/www.frankensicht.de\/wp-content\/uploads\/2013\/04\/deutschland.png 800w\" sizes=\"auto, (max-width: 300px) 100vw, 300px\" \/><\/a><\/p>\n<p>&#8222;Ich begr\u00fc\u00dfe die Zielsetzung des Gesetzentwurfs ausdr\u00fccklich: Wir sollten in der Tat angemessene staatliche Reaktionen in F\u00e4llen erm\u00f6glichen, in denen diejenigen, die tagt\u00e4glich gleichsam in erster Reihe f\u00fcr unsere Sicherheit und unser Gemeinwohl sorgen, sich gerade aus diesem Grunde t\u00e4tlichen Angriffen ausgesetzt sehen!&#8220;, so der Justizminister.<\/p>\n<p>Bausback abschlie\u00dfend: &#8222;Unabh\u00e4ngig davon gilt in Bayern bereits seit jeher: Gewalt gegen Polizeibeamtinnen und Polizeibeamten und andere Repr\u00e4sentanten des Staates wird konsequent strafrechtlich verfolgt und geahndet. Hierdurch machen wir deutlich: Die Gew\u00e4hrleistung von Sicherheit und eines funktionierenden Gemeinwesens ist ureigene Aufgabe des Staates. Seine Repr\u00e4sentanten k\u00f6nnen sich daher sicher sein: Wir stehen auch durch eine konsequente Strafverfolgung hinter ihnen und st\u00e4rken ihnen bei ihrer t\u00e4glichen Arbeit den R\u00fccken<\/p>\n<p>Quelle:stmj.bayern.de<\/p>\n","protected":false},"excerpt":{"rendered":"<p>M\u00fcnchen: Bayerns Justizminister Bausback zu hessischer Gesetzesinitiative zur \u00c4nderung des Strafgesetzbuches: &#8222;Wir m\u00fcssen unsere Polizeibeamten und Rettungskr\u00e4fte bestm\u00f6glich vor \u00dcbergriffen sch\u00fctzen!&#8220; Hessen stellt heute im Bundesrat seine Gesetzesinitiative zur Schaffung eines Straftatbestandes des t\u00e4tlichen Angriffs auf Polizeibeamte und andere Einsatzkr\u00e4fte vor. Bayerns Justizminister Prof. Dr. Winfried Bausback zu diesem Anlass: &#8222;Gewalt gegen\u00fcber Polizeibeamten ist &#8211; [&hellip;]<\/p>\n","protected":false},"author":7,"featured_media":7631,"comment_status":"closed","ping_status":"open","sticky":false,"template":"","format":"standard","meta":{"footnotes":""},"categories":[78,71],"tags":[163],"class_list":["post-8485","post","type-post","status-publish","format-standard","has-post-thumbnail","hentry","category-bayern","category-menue","tag-gewalt"],"_links":{"self":[{"href":"https:\/\/www.frankensicht.de\/index.php?rest_route=\/wp\/v2\/posts\/8485","targetHints":{"allow":["GET"]}}],"collection":[{"href":"https:\/\/www.frankensicht.de\/index.php?rest_route=\/wp\/v2\/posts"}],"about":[{"href":"https:\/\/www.frankensicht.de\/index.php?rest_route=\/wp\/v2\/types\/post"}],"author":[{"embeddable":true,"href":"https:\/\/www.frankensicht.de\/index.php?rest_route=\/wp\/v2\/users\/7"}],"replies":[{"embeddable":true,"href":"https:\/\/www.frankensicht.de\/index.php?rest_route=%2Fwp%2Fv2%2Fcomments&post=8485"}],"version-history":[{"count":0,"href":"https:\/\/www.frankensicht.de\/index.php?rest_route=\/wp\/v2\/posts\/8485\/revisions"}],"wp:featuredmedia":[{"embeddable":true,"href":"https:\/\/www.frankensicht.de\/index.php?rest_route=\/wp\/v2\/media\/7631"}],"wp:attachment":[{"href":"https:\/\/www.frankensicht.de\/index.php?rest_route=%2Fwp%2Fv2%2Fmedia&parent=8485"}],"wp:term":[{"taxonomy":"category","embeddable":true,"href":"https:\/\/www.frankensicht.de\/index.php?rest_route=%2Fwp%2Fv2%2Fcategories&post=8485"},{"taxonomy":"post_tag","embeddable":true,"href":"https:\/\/www.frankensicht.de\/index.php?rest_route=%2Fwp%2Fv2%2Ftags&post=8485"}],"curies":[{"name":"wp","href":"https:\/\/api.w.org\/{rel}","templated":true}]}}