{"id":8462,"date":"2015-04-30T10:00:56","date_gmt":"2015-04-30T08:00:56","guid":{"rendered":"http:\/\/www.frankensicht.de\/?p=8462"},"modified":"2015-04-30T10:00:56","modified_gmt":"2015-04-30T08:00:56","slug":"neues-forschungsprojekt-zu-bayerns-seen-im-klimawandel-startet","status":"publish","type":"post","link":"https:\/\/www.frankensicht.de\/?p=8462","title":{"rendered":"Neues Forschungsprojekt zu Bayerns Seen im Klimawandel startet"},"content":{"rendered":"<p><span style=\"color: #ff0000;\">M\u00fcnchen:<\/span><\/p>\n<p>Neues Forschungsprojekt zu Bayerns Seen im Klimawandel startet<\/p>\n<p>Der Klimawandel hat auch Folgen f\u00fcr die bayerischen Seen: Steigende Temperaturen im Sommer f\u00fchren zu einer h\u00f6heren Wassertemperatur. Durch zunehmende Extremwetterereignisse k\u00f6nnen bei Hochwasser au\u00dferdem vermehrt Sedimente aus Fl\u00fcssen in Seen transportiert werden. Dadurch k\u00f6nnen sich Lichtverh\u00e4ltnisse und Wasserst\u00e4nde in den bayerischen Seen \u00e4ndern. In einem neuen Projektverbund zur Klimaforschung an der TU M\u00fcnchen sollen die Auswirkungen genauer untersucht und Anpassungsstrategien entwickelt werden.<\/p>\n<p>Die Bayerische Umweltministerin Ulrike Scharf gibt den offiziellen Startschuss f\u00fcr das Projekt und \u00fcberreicht die Bewilligung f\u00fcr insgesamt drei Forschungsprojekte am<\/p>\n<p>Montag, 4. Mai 2015, 11 Uhr,<br \/>\nLimnologische Station Iffeldorf,<br \/>\nHofmarkt 1-3, 82393 Iffeldorf.<\/p>\n<p>Quelle:stmuv.bayern.de<\/p>\n<p><a href=\"https:\/\/www.frankensicht.de\/?attachment_id=7918\" rel=\"attachment wp-att-7918\"><img loading=\"lazy\" decoding=\"async\" class=\"alignnone size-medium wp-image-7918\" src=\"https:\/\/www.frankensicht.de\/wp-content\/uploads\/2014\/12\/DSC00003-300x225.jpg\" alt=\"DSC00003\" width=\"300\" height=\"225\" srcset=\"https:\/\/www.frankensicht.de\/wp-content\/uploads\/2014\/12\/DSC00003-300x225.jpg 300w, https:\/\/www.frankensicht.de\/wp-content\/uploads\/2014\/12\/DSC00003.jpg 640w\" sizes=\"auto, (max-width: 300px) 100vw, 300px\" \/><\/a><\/p>\n","protected":false},"excerpt":{"rendered":"<p>M\u00fcnchen: Neues Forschungsprojekt zu Bayerns Seen im Klimawandel startet Der Klimawandel hat auch Folgen f\u00fcr die bayerischen Seen: Steigende Temperaturen im Sommer f\u00fchren zu einer h\u00f6heren Wassertemperatur. Durch zunehmende Extremwetterereignisse k\u00f6nnen bei Hochwasser au\u00dferdem vermehrt Sedimente aus Fl\u00fcssen in Seen transportiert werden. Dadurch k\u00f6nnen sich Lichtverh\u00e4ltnisse und Wasserst\u00e4nde in den bayerischen Seen \u00e4ndern. In einem [&hellip;]<\/p>\n","protected":false},"author":7,"featured_media":7623,"comment_status":"closed","ping_status":"open","sticky":false,"template":"","format":"standard","meta":{"footnotes":""},"categories":[78,71],"tags":[1182],"class_list":["post-8462","post","type-post","status-publish","format-standard","has-post-thumbnail","hentry","category-bayern","category-menue","tag-klimawandel"],"_links":{"self":[{"href":"https:\/\/www.frankensicht.de\/index.php?rest_route=\/wp\/v2\/posts\/8462","targetHints":{"allow":["GET"]}}],"collection":[{"href":"https:\/\/www.frankensicht.de\/index.php?rest_route=\/wp\/v2\/posts"}],"about":[{"href":"https:\/\/www.frankensicht.de\/index.php?rest_route=\/wp\/v2\/types\/post"}],"author":[{"embeddable":true,"href":"https:\/\/www.frankensicht.de\/index.php?rest_route=\/wp\/v2\/users\/7"}],"replies":[{"embeddable":true,"href":"https:\/\/www.frankensicht.de\/index.php?rest_route=%2Fwp%2Fv2%2Fcomments&post=8462"}],"version-history":[{"count":0,"href":"https:\/\/www.frankensicht.de\/index.php?rest_route=\/wp\/v2\/posts\/8462\/revisions"}],"wp:featuredmedia":[{"embeddable":true,"href":"https:\/\/www.frankensicht.de\/index.php?rest_route=\/wp\/v2\/media\/7623"}],"wp:attachment":[{"href":"https:\/\/www.frankensicht.de\/index.php?rest_route=%2Fwp%2Fv2%2Fmedia&parent=8462"}],"wp:term":[{"taxonomy":"category","embeddable":true,"href":"https:\/\/www.frankensicht.de\/index.php?rest_route=%2Fwp%2Fv2%2Fcategories&post=8462"},{"taxonomy":"post_tag","embeddable":true,"href":"https:\/\/www.frankensicht.de\/index.php?rest_route=%2Fwp%2Fv2%2Ftags&post=8462"}],"curies":[{"name":"wp","href":"https:\/\/api.w.org\/{rel}","templated":true}]}}