{"id":8433,"date":"2015-04-25T08:50:28","date_gmt":"2015-04-25T06:50:28","guid":{"rendered":"http:\/\/www.frankensicht.de\/?p=8433"},"modified":"2015-04-25T08:50:28","modified_gmt":"2015-04-25T06:50:28","slug":"baeume-sichern-unser-ueberleben","status":"publish","type":"post","link":"https:\/\/www.frankensicht.de\/?p=8433","title":{"rendered":"B\u00e4ume sichern unser \u00dcberleben"},"content":{"rendered":"<p><span style=\"color: #ff0000;\">Berlin:<\/span><\/p>\n<p>Bundesminister Schmidt: B\u00e4ume sichern unser \u00dcberleben<\/p>\n<p>Bundesforstminister hebt zum heutigen Internationalen Tag des Baumes dessen Bedeutung hervor<\/p>\n<p>&#8222;B\u00e4ume sichern unser \u00dcberleben&#8220;. Dies sagte Bundesforstminister Christian Schmidt anl\u00e4sslich des Internationalen Tag des Baumes. &#8222;Und dies meine ich sehr w\u00f6rtlich&#8220;, so der Minister weiter. Denn: &#8222;Aus Sonne, Wasser und dem Kohlendioxid der Luft erzeugen B\u00e4ume den Sauerstoff, ohne den wir Menschen nicht leben k\u00f6nnten.&#8220; So erzeugen die rund 130.000 Bl\u00e4tter einer 100j\u00e4hrigen Eiche beispielsweise Sauerstoff f\u00fcr 17 Menschen. Und noch dazu werden von dieser einen Eiche allein j\u00e4hrlich rund 50 Kilogramm Kohlendioxid gebunden.<\/p>\n<p>Die W\u00e4lder in Deutschland entlasten die Atmosph\u00e4re j\u00e4hrlich um 52 Millionen Tonnen CO2 &#8211; das ist mehr, als die Metropolen Hamburg und Berlin pro Jahr aussto\u00dfen. &#8222;Wald ist der gr\u00f6\u00dfte Klimasch\u00fctzer im Land&#8220;, so Minister Schmidt, &#8222;denn durch den umweltfreundlichen Rohstoff Holz k\u00f6nnen energie-intensive Rohstoffe und fossile Brennstoffe ersetzt werden. Dadurch wird die Klimawirkung von Wald und Holz insgesamt sogar mehr als verdoppelt. So hilft Holz aus nachhaltiger Forstwirtschaft dem Klima, es wird weniger Kohlendioxid freigesetzt und der Klimawandel abgebremst&#8220;, so Schmidt.<\/p>\n<p><a href=\"https:\/\/www.frankensicht.de\/?attachment_id=8093\" rel=\"attachment wp-att-8093\"><img loading=\"lazy\" decoding=\"async\" class=\"alignnone size-medium wp-image-8093\" src=\"https:\/\/www.frankensicht.de\/wp-content\/uploads\/2015\/01\/P1030741-300x225.jpg\" alt=\"P1030741\" width=\"300\" height=\"225\" srcset=\"https:\/\/www.frankensicht.de\/wp-content\/uploads\/2015\/01\/P1030741-300x225.jpg 300w, https:\/\/www.frankensicht.de\/wp-content\/uploads\/2015\/01\/P1030741.jpg 640w\" sizes=\"auto, (max-width: 300px) 100vw, 300px\" \/><\/a><\/p>\n<p>Hintergrundinformationen<\/p>\n<p>Allein in Deutschlands W\u00e4ldern stehen rund 90 Milliarden B\u00e4ume, das hat die Bundeswaldinventur 2014 ergeben. Nachhaltige Forstwirtschaft sorgt daf\u00fcr, dass der Wald keinen Schaden nimmt und von k\u00fcnftigen Generationen noch genutzt werden kann. Holz aus nachhaltiger Forstwirtschaft ist ein Rohstoff mit ausgezeichneter \u00d6kobilanz.<\/p>\n<p>Der Internationale Tag des Baumes geht zur\u00fcck auf das Jahr 1872. Der amerikanische Journalist Julius Sterling Morton beantragte bei der Regierung von Nebraska die Einf\u00fchrung eines &#8222;Arbor Day&#8220;. Was in den USA begann, wurde bald weltweit \u00fcbernommen, 1952 auch in Deutschland. Damals pflanzten Bundespr\u00e4sident Theodor Heuss und der Pr\u00e4sident der Schutzgemeinschaft Deutscher Wald, Robert Lehr, im Bonner Hofgarten einen Ahorn.<\/p>\n<p>Quelle:bmel.bund.de<\/p>\n","protected":false},"excerpt":{"rendered":"<p>Berlin: Bundesminister Schmidt: B\u00e4ume sichern unser \u00dcberleben Bundesforstminister hebt zum heutigen Internationalen Tag des Baumes dessen Bedeutung hervor &#8222;B\u00e4ume sichern unser \u00dcberleben&#8220;. Dies sagte Bundesforstminister Christian Schmidt anl\u00e4sslich des Internationalen Tag des Baumes. &#8222;Und dies meine ich sehr w\u00f6rtlich&#8220;, so der Minister weiter. Denn: &#8222;Aus Sonne, Wasser und dem Kohlendioxid der Luft erzeugen B\u00e4ume den [&hellip;]<\/p>\n","protected":false},"author":7,"featured_media":8093,"comment_status":"closed","ping_status":"open","sticky":false,"template":"","format":"standard","meta":{"footnotes":""},"categories":[44,3],"tags":[1754],"class_list":["post-8433","post","type-post","status-publish","format-standard","has-post-thumbnail","hentry","category-deutschland-2","category-news","tag-baeume"],"_links":{"self":[{"href":"https:\/\/www.frankensicht.de\/index.php?rest_route=\/wp\/v2\/posts\/8433","targetHints":{"allow":["GET"]}}],"collection":[{"href":"https:\/\/www.frankensicht.de\/index.php?rest_route=\/wp\/v2\/posts"}],"about":[{"href":"https:\/\/www.frankensicht.de\/index.php?rest_route=\/wp\/v2\/types\/post"}],"author":[{"embeddable":true,"href":"https:\/\/www.frankensicht.de\/index.php?rest_route=\/wp\/v2\/users\/7"}],"replies":[{"embeddable":true,"href":"https:\/\/www.frankensicht.de\/index.php?rest_route=%2Fwp%2Fv2%2Fcomments&post=8433"}],"version-history":[{"count":0,"href":"https:\/\/www.frankensicht.de\/index.php?rest_route=\/wp\/v2\/posts\/8433\/revisions"}],"wp:featuredmedia":[{"embeddable":true,"href":"https:\/\/www.frankensicht.de\/index.php?rest_route=\/wp\/v2\/media\/8093"}],"wp:attachment":[{"href":"https:\/\/www.frankensicht.de\/index.php?rest_route=%2Fwp%2Fv2%2Fmedia&parent=8433"}],"wp:term":[{"taxonomy":"category","embeddable":true,"href":"https:\/\/www.frankensicht.de\/index.php?rest_route=%2Fwp%2Fv2%2Fcategories&post=8433"},{"taxonomy":"post_tag","embeddable":true,"href":"https:\/\/www.frankensicht.de\/index.php?rest_route=%2Fwp%2Fv2%2Ftags&post=8433"}],"curies":[{"name":"wp","href":"https:\/\/api.w.org\/{rel}","templated":true}]}}