{"id":8429,"date":"2015-04-24T08:09:03","date_gmt":"2015-04-24T06:09:03","guid":{"rendered":"http:\/\/www.frankensicht.de\/?p=8429"},"modified":"2015-04-24T08:09:03","modified_gmt":"2015-04-24T06:09:03","slug":"staatssekretaer-bleser-gibt-startschuss-fuer-bundesweite-informationskampagne-bienen-fuettern","status":"publish","type":"post","link":"https:\/\/www.frankensicht.de\/?p=8429","title":{"rendered":"Staatssekret\u00e4r Bleser gibt Startschuss f\u00fcr bundesweite Informationskampagne \u201eBienen f\u00fcttern&#8220;"},"content":{"rendered":"<p><span style=\"color: #ff0000;\">Berlin:<\/span><\/p>\n<p>Staatssekret\u00e4r Bleser gibt Startschuss f\u00fcr bundesweite Informationskampagne \u201eBienen f\u00fcttern&#8220;<\/p>\n<p>Am heutigen Donnerstag hat der Parlamentarische Staatssekret\u00e4r beim Bundesminister f\u00fcr Ern\u00e4hrung und Landwirtschaft Peter Bleser gemeinsam mit dem Deutschen Imkerbund und den Branchenverb\u00e4nden den Auftakt der bundesweiten Informationskampagne \u201eBienen f\u00fcttern&#8220; bekannt gegeben. Ab heute werden Informationsmaterialien des Bundeslandwirtschaftsministeriums und des Deutschen Imkerbundes in \u00fcber 500 Baum\u00e4rkten, Gartencentern und Einzelhandelsg\u00e4rtnereien in der gesamten Bundesrepublik verteilt. &#8222;Vor gut einem Jahr hat das BMEL mit den Partnerverb\u00e4nden die Initiative \u201eBienen f\u00fcttern\u201c ins Leben gerufen. Seitdem haben wir vieles voran gebracht. Wir wollen aber noch mehr Menschen zum Bienen-F\u00fcttern bringen. Wir brauchen mehr bienenfreundliche Pflanzen in unseren G\u00e4rten und auf den Balkonen, denn nur wohl ern\u00e4hrte Bienen sind auch stark genug, Krankheiten und Parasiten, wie z.B. der Varroa-Milbe, mit Aussicht auf Erfolg zu widerstehen. Bienenschutz ist eine Aufgabe, die wir gemeinsam angehen m\u00fcssen: Politik, Wirtschaft, Wissenschaft und jeder Einzelne&#8220;, sagte Bleser heute bei der Pr\u00e4sentation der Informationsmaterialien in Berlin.<\/p>\n<p><a href=\"https:\/\/www.frankensicht.de\/?attachment_id=3314\" rel=\"attachment wp-att-3314\"><img loading=\"lazy\" decoding=\"async\" class=\"alignnone size-full wp-image-3314\" src=\"https:\/\/www.frankensicht.de\/wp-content\/uploads\/2012\/07\/honig.jpg\" alt=\"honig\" width=\"220\" height=\"165\" \/><\/a><br \/>\nZiel der Initiative ist es, die Bev\u00f6lkerung f\u00fcr die Bedeutung der Bienen zu sensibilisieren, \u00c4ngste zu nehmen und mehr bienenfreundliche Bl\u00fchpflanzen auf Balkone, Terrassen oder in die G\u00e4rten zu bringen. Peter Maske, Pr\u00e4sident des Deutschen Imkerbundes, sagte: \u201eGerade junge Menschen, die sich mit Natur- und Umweltthemen befassen, haben eine wachsende Begeisterung f\u00fcr Bienen. Das Bienen-F\u00fcttern sollte zum Trend werden, denn gesunde Bienen bedeuten lebendige Artenvielfalt\u201c.<br \/>\nDazu sollen K\u00e4ufer von Zierpflanzen in den Baum\u00e4rkten, Gartencentern und Einzelhandelsg\u00e4rtnereien k\u00fcnftig besser \u00fcber die Bedeutung und den Lebensraum von Bienen informiert werden. \u201eDort, wo unsere Kunden ihre Lust am G\u00e4rtnern mit kreativen Gestaltungsideen in G\u00e4rten und auf Balkonen umsetzen, darf das Thema \u201eBienenschutz\u201c nicht fehlen. Bienenschutz geht jeden an! Mit der Informationskampagne st\u00e4rken wir das Bewusstsein der Menschen f\u00fcr den verantwortungsbewussten Einsatz von Pflanzenschutzmitteln und daf\u00fcr, dass G\u00e4rtnern und Bienengesundheit zusammen geh\u00f6ren\u201c, erkl\u00e4rte Dr. Peter W\u00fcst, Hauptgesch\u00e4ftsf\u00fchrer des Handelsverbandes Heimwerken, Bauen und Garten e.V. (BHB).<\/p>\n<p>Parallel zu den Informationsma\u00dfnahmen haben sich die Verb\u00e4nde in einem Branchendialog verst\u00e4ndigt, den Produzenten von Jung- und Zierpflanzen zu empfehlen, ab dem 1. Januar 2016 auf den Einsatz von sieben Insektizid-Wirkstoffen zu verzichten. Die Verb\u00e4nde sprechen sich zudem daf\u00fcr aus, den Verkauf von Pflanzenschutzmitteln mit bienengef\u00e4hrlichen B1-Wirkstoffen an den Endverbraucher einzustellen. Bereits seit Anfang des Jahres werden diese Mittel in Baum\u00e4rkten nicht mehr zum Verkauf angeboten. Bertram Fleischer, Generalsekret\u00e4r des Zentralverbands Gartenbau e.V. und Johannes Welsch, der Gesch\u00e4ftsf\u00fchrer des Industrieverband Garten e.V. stellten die Brancheninitiative vor.<\/p>\n<p>Politik zum Bienenschutz: Forschen und f\u00f6rdern<br \/>\nDie Initiative ist nur eine von mehreren S\u00e4ulen, um f\u00fcr gute Nahrungsgrundlagen und gesunde Bienen der rund 750.000 Bienenv\u00f6lker in Deutschland zu sorgen. Auch bei den anderen Projekten gilt: Bienenschutz geht nur gemeinsam. Einen \u00dcberblick schafft das Deutsche Bienenmonitoring von Bund und L\u00e4ndern, um z.B. Winterverluste, Krankheiten oder die Rolle von Pflanzenschutzmitteln zu erforschen.<\/p>\n<p>Die aktuelle Bienen-App des BMEL ist kostenfrei in den einschl\u00e4gigen App-Stores<br \/>\nerh\u00e4ltlich. Die Liste bienenfreundlicher Pflanzen ist kostenfrei beim BMEL bestellbar.<\/p>\n<p>Alle Infos unter www.bmel.de\/bienen-fuettern&lt;http:\/\/www.bmel.de\/bienen-fuettern&gt; und www.bmel.de\/bienen&lt;http:\/\/www.bmel.de\/bienen&gt;<\/p>\n<p>Quelle:bmel.bund.de<\/p>\n","protected":false},"excerpt":{"rendered":"<p>Berlin: Staatssekret\u00e4r Bleser gibt Startschuss f\u00fcr bundesweite Informationskampagne \u201eBienen f\u00fcttern&#8220; Am heutigen Donnerstag hat der Parlamentarische Staatssekret\u00e4r beim Bundesminister f\u00fcr Ern\u00e4hrung und Landwirtschaft Peter Bleser gemeinsam mit dem Deutschen Imkerbund und den Branchenverb\u00e4nden den Auftakt der bundesweiten Informationskampagne \u201eBienen f\u00fcttern&#8220; bekannt gegeben. Ab heute werden Informationsmaterialien des Bundeslandwirtschaftsministeriums und des Deutschen Imkerbundes in \u00fcber 500 [&hellip;]<\/p>\n","protected":false},"author":7,"featured_media":3314,"comment_status":"closed","ping_status":"open","sticky":false,"template":"","format":"standard","meta":{"footnotes":""},"categories":[44,3],"tags":[667],"class_list":["post-8429","post","type-post","status-publish","format-standard","has-post-thumbnail","hentry","category-deutschland-2","category-news","tag-bienen"],"_links":{"self":[{"href":"https:\/\/www.frankensicht.de\/index.php?rest_route=\/wp\/v2\/posts\/8429","targetHints":{"allow":["GET"]}}],"collection":[{"href":"https:\/\/www.frankensicht.de\/index.php?rest_route=\/wp\/v2\/posts"}],"about":[{"href":"https:\/\/www.frankensicht.de\/index.php?rest_route=\/wp\/v2\/types\/post"}],"author":[{"embeddable":true,"href":"https:\/\/www.frankensicht.de\/index.php?rest_route=\/wp\/v2\/users\/7"}],"replies":[{"embeddable":true,"href":"https:\/\/www.frankensicht.de\/index.php?rest_route=%2Fwp%2Fv2%2Fcomments&post=8429"}],"version-history":[{"count":0,"href":"https:\/\/www.frankensicht.de\/index.php?rest_route=\/wp\/v2\/posts\/8429\/revisions"}],"wp:featuredmedia":[{"embeddable":true,"href":"https:\/\/www.frankensicht.de\/index.php?rest_route=\/wp\/v2\/media\/3314"}],"wp:attachment":[{"href":"https:\/\/www.frankensicht.de\/index.php?rest_route=%2Fwp%2Fv2%2Fmedia&parent=8429"}],"wp:term":[{"taxonomy":"category","embeddable":true,"href":"https:\/\/www.frankensicht.de\/index.php?rest_route=%2Fwp%2Fv2%2Fcategories&post=8429"},{"taxonomy":"post_tag","embeddable":true,"href":"https:\/\/www.frankensicht.de\/index.php?rest_route=%2Fwp%2Fv2%2Ftags&post=8429"}],"curies":[{"name":"wp","href":"https:\/\/api.w.org\/{rel}","templated":true}]}}