{"id":8424,"date":"2015-04-22T11:14:50","date_gmt":"2015-04-22T09:14:50","guid":{"rendered":"http:\/\/www.frankensicht.de\/?p=8424"},"modified":"2015-04-22T11:14:50","modified_gmt":"2015-04-22T09:14:50","slug":"die-verbraucher-haben-das-wort-verbrauchermonitor-2015-startet","status":"publish","type":"post","link":"https:\/\/www.frankensicht.de\/?p=8424","title":{"rendered":"Die Verbraucher haben das Wort \/ Verbrauchermonitor 2015 startet"},"content":{"rendered":"<p><span style=\"color: #ff0000;\">M\u00fcnchen:<\/span><\/p>\n<p>Scharf: Die Verbraucher haben das Wort \/ Verbrauchermonitor 2015 startet<\/p>\n<p>Aktuelle Themen &amp;ndash; alltagstaugliche L\u00f6sungen: In den kommenden vier Wochen werden die Interessen der bayerischen Verbraucher im Rahmen einer Umfrage erhoben. Darauf wies die Bayerische Verbraucherschutzministerin Ulrike Scharf heute in M\u00fcnchen hin. &#8222;Wir setzen beim Verbraucherschutz auf ein enges Zusammenspiel von Information und staatlicher Kontrolle. Die Verbraucherpolitik soll an den tats\u00e4chlichen Bed\u00fcrfnissen der B\u00fcrger ausgerichtet werden. Wir wollen wissen, wo die Verbraucher der Schuh dr\u00fcckt. Im Fokus der diesj\u00e4hrigen Verbraucherbefragung stehen vor allem Fragen zum Verbraucherschutz im Internet&#8220;, so Scharf. Auch die Kennzeichnungen und Informationen auf Produkten werden ein Thema sein. Hatten Sie beim Einkaufen im Internet schon einmal Probleme? Welche Angaben fehlen aus Ihrer Sicht auf Produktverpackungen? Wie gut f\u00fchlen Sie sich als Verbraucher auf dem freien Markt gesch\u00fctzt? Diese und weitere Fragen wird das N\u00fcrnberger Marktforschungsinstitut GfK zuf\u00e4llig ausgew\u00e4hlten B\u00fcrgern dazu am Telefon stellen. Auftraggeber ist das Bayerische Verbraucherschutzministerium. Gleichzeitig findet die Befragung in Baden-W\u00fcrttemberg und Berlin statt. Scharf: &#8222;Bayern setzt seit Jahren auf eine aktive Befragung der Verbraucher und hat damit gute Erfahrungen gemacht. Durch die Abfrage in drei L\u00e4ndern schaffen wir eine breite Datenbasis und sorgen f\u00fcr Vergleichbarkeit.&#8220; F\u00fcr die Umfrage werden in jedem Land 700 repr\u00e4sentativ ausgew\u00e4hlte Personen ab 14 Jahren befragt. Die Ergebnisse der Befragung sollen im Sommer vorliegen.<\/p>\n<p><a href=\"https:\/\/www.frankensicht.de\/?attachment_id=7610\" rel=\"attachment wp-att-7610\"><img loading=\"lazy\" decoding=\"async\" class=\"alignnone size-medium wp-image-7610\" src=\"https:\/\/www.frankensicht.de\/wp-content\/uploads\/2014\/09\/bayern-300x180.png\" alt=\"bayern\" width=\"300\" height=\"180\" srcset=\"https:\/\/www.frankensicht.de\/wp-content\/uploads\/2014\/09\/bayern-300x180.png 300w, https:\/\/www.frankensicht.de\/wp-content\/uploads\/2014\/09\/bayern.png 1000w\" sizes=\"auto, (max-width: 300px) 100vw, 300px\" \/><\/a><\/p>\n<p>In Bayern wird der Verbrauchermonitor regelm\u00e4\u00dfig bereits seit 2007 durchgef\u00fchrt &#8211; aktuell zum sechsten Mal. Neben der kontinuierlichen Erfassung des Vertrauensindex der Verbraucher werden inhaltliche Schwerpunkte gesetzt: 2009 lag der Fokus auf Finanzen, 2010 auf Sicherheit im Netz und Ern\u00e4hrung, 2012 auf sozialen Netzwerken und Rechtsdurchsetzung. In 2013 wurde der Schwerpunkt auf das Thema Energie gelegt.<\/p>\n<p>Quelle: stmuv.bayern.de<\/p>\n","protected":false},"excerpt":{"rendered":"<p>M\u00fcnchen: Scharf: Die Verbraucher haben das Wort \/ Verbrauchermonitor 2015 startet Aktuelle Themen &amp;ndash; alltagstaugliche L\u00f6sungen: In den kommenden vier Wochen werden die Interessen der bayerischen Verbraucher im Rahmen einer Umfrage erhoben. Darauf wies die Bayerische Verbraucherschutzministerin Ulrike Scharf heute in M\u00fcnchen hin. &#8222;Wir setzen beim Verbraucherschutz auf ein enges Zusammenspiel von Information und staatlicher [&hellip;]<\/p>\n","protected":false},"author":7,"featured_media":7610,"comment_status":"closed","ping_status":"open","sticky":false,"template":"","format":"standard","meta":{"footnotes":""},"categories":[78,71],"tags":[1753],"class_list":["post-8424","post","type-post","status-publish","format-standard","has-post-thumbnail","hentry","category-bayern","category-menue","tag-verbrauchermonitor"],"_links":{"self":[{"href":"https:\/\/www.frankensicht.de\/index.php?rest_route=\/wp\/v2\/posts\/8424","targetHints":{"allow":["GET"]}}],"collection":[{"href":"https:\/\/www.frankensicht.de\/index.php?rest_route=\/wp\/v2\/posts"}],"about":[{"href":"https:\/\/www.frankensicht.de\/index.php?rest_route=\/wp\/v2\/types\/post"}],"author":[{"embeddable":true,"href":"https:\/\/www.frankensicht.de\/index.php?rest_route=\/wp\/v2\/users\/7"}],"replies":[{"embeddable":true,"href":"https:\/\/www.frankensicht.de\/index.php?rest_route=%2Fwp%2Fv2%2Fcomments&post=8424"}],"version-history":[{"count":0,"href":"https:\/\/www.frankensicht.de\/index.php?rest_route=\/wp\/v2\/posts\/8424\/revisions"}],"wp:featuredmedia":[{"embeddable":true,"href":"https:\/\/www.frankensicht.de\/index.php?rest_route=\/wp\/v2\/media\/7610"}],"wp:attachment":[{"href":"https:\/\/www.frankensicht.de\/index.php?rest_route=%2Fwp%2Fv2%2Fmedia&parent=8424"}],"wp:term":[{"taxonomy":"category","embeddable":true,"href":"https:\/\/www.frankensicht.de\/index.php?rest_route=%2Fwp%2Fv2%2Fcategories&post=8424"},{"taxonomy":"post_tag","embeddable":true,"href":"https:\/\/www.frankensicht.de\/index.php?rest_route=%2Fwp%2Fv2%2Ftags&post=8424"}],"curies":[{"name":"wp","href":"https:\/\/api.w.org\/{rel}","templated":true}]}}