{"id":8372,"date":"2015-04-03T08:07:12","date_gmt":"2015-04-03T06:07:12","guid":{"rendered":"http:\/\/www.frankensicht.de\/?p=8372"},"modified":"2015-04-03T08:07:12","modified_gmt":"2015-04-03T06:07:12","slug":"5-runde-im-wettbewerb-menschen-und-erfolge","status":"publish","type":"post","link":"https:\/\/www.frankensicht.de\/?p=8372","title":{"rendered":"5. Runde im Wettbewerb \u201eMenschen und Erfolge\u201c"},"content":{"rendered":"<p><span style=\"color: #ff0000;\">Berlin:<\/span><\/p>\n<p>Stadtentwicklung<br \/>\n5. Runde im Wettbewerb \u201eMenschen und Erfolge\u201c<br \/>\nBundesbauministerium sucht Projekte zur Integration von Fl\u00fcchtlingen in<br \/>\nl\u00e4ndlichen R\u00e4umen<\/p>\n<p>Bundesbauministerin Barbara Hendricks hat heute den Startschuss f\u00fcr die<br \/>\nf\u00fcnfte Runde des Wettbewerbs \u201eMenschen und Erfolge\u201c gegeben. Dieser<br \/>\nsteht in diesem Jahr unter dem Motto \u201eIn l\u00e4ndlichen R\u00e4umen<br \/>\nwillkommen\u201c und dreht sich um die Aufnahme von Fl\u00fcchtlingen: Gesucht<br \/>\nwerden erfolgreiche Aktivit\u00e4ten oder bereits umgesetzte Projekte in den<br \/>\ndrei Themenfeldern Ankommen, Bleiben und Aufeinander-Zugehen. Entscheidend<br \/>\nist, dass das Projekt dem Gemeinwohl zugutekommt und sich als Beitrag<br \/>\neiner Willkommenskultur f\u00fcr Fl\u00fcchtlinge versteht.<\/p>\n<p>Hendricks betonte: \u201eViele Fl\u00fcchtlinge werden in Kommunen in l\u00e4ndlichen<br \/>\nRegionen un-tergebracht. Dabei leisten viele Einzelpersonen und<br \/>\nInitiativen Erstaunliches, um den Menschen das Ankommen zu erleichtern und<br \/>\nihnen Perspektiven f\u00fcr einen l\u00e4ngerfristigen Aufenthalt zu geben. Wir<br \/>\nwollen diese Projekte kennenlernen und ermuntern, von diesen zu lernen und<br \/>\nnachzuahmen.\u201c<\/p>\n<p><a href=\"https:\/\/www.frankensicht.de\/?attachment_id=8375\" rel=\"attachment wp-att-8375\"><img loading=\"lazy\" decoding=\"async\" class=\"alignnone size-medium wp-image-8375\" src=\"https:\/\/www.frankensicht.de\/wp-content\/uploads\/2015\/04\/009-300x225.jpg\" alt=\"009\" width=\"300\" height=\"225\" srcset=\"https:\/\/www.frankensicht.de\/wp-content\/uploads\/2015\/04\/009-300x225.jpg 300w, https:\/\/www.frankensicht.de\/wp-content\/uploads\/2015\/04\/009-1024x768.jpg 1024w\" sizes=\"auto, (max-width: 300px) 100vw, 300px\" \/><\/a><\/p>\n<p>Einsendeschluss ist der 26. Mai 2015. Es werden Preisgelder in H\u00f6he von<br \/>\n20.000 Euro vergeben. Eine unabh\u00e4ngige Jury wird die Preistr\u00e4ger im<br \/>\nSeptember ausw\u00e4hlen. Die Preisverleihung findet voraussichtlich im<br \/>\nSp\u00e4therbst 2015 in Berlin statt.<\/p>\n<p>Mit dem Wettbewerb \u201eMenschen und Erfolge\u201c der \u201eInitiative L\u00e4ndlichen<br \/>\nInfrastruktur\u201c werden seit 2011 j\u00e4hrlich Projekte gesucht, die zur<br \/>\nVerbesserung der l\u00e4ndlichen Inf-rastruktur im weitesten Sinne beitragen<br \/>\nund dem Gemeinwohl zugutekommen. Es handelt sich um eine gemeinsame<br \/>\nInitiative des Bundesministeriums f\u00fcr Umwelt, Naturschutz, Bau und<br \/>\nReaktorsicherheit (BMUB) mit den Partnern Deutscher Landkreistag (DLT),<br \/>\nDeutscher St\u00e4dte- und Gemeindebund (DStGB), Deutscher Bauernverband<br \/>\n(DBV), Zentralverband des Deutschen Handwerks (ZDH), Bundesverband<br \/>\nGarten-, Landschafts- und Sportplatzbau (BGL) sowie Bundesverband der<br \/>\nDeutschen Volksbanken und Raiffeisenbanken (BVR). Neue Partner des<br \/>\nWettbewerbs sind in diesem Jahr der Bund Deutscher Landschaftsarchitekten<br \/>\n(bdla) und der Bundesverband der gemeinn\u00fctzigen Landgesellschaften<br \/>\n(BLG).<\/p>\n<p>Quelle: bmub.bund.de<\/p>\n","protected":false},"excerpt":{"rendered":"<p>Berlin: Stadtentwicklung 5. Runde im Wettbewerb \u201eMenschen und Erfolge\u201c Bundesbauministerium sucht Projekte zur Integration von Fl\u00fcchtlingen in l\u00e4ndlichen R\u00e4umen Bundesbauministerin Barbara Hendricks hat heute den Startschuss f\u00fcr die f\u00fcnfte Runde des Wettbewerbs \u201eMenschen und Erfolge\u201c gegeben. Dieser steht in diesem Jahr unter dem Motto \u201eIn l\u00e4ndlichen R\u00e4umen willkommen\u201c und dreht sich um die Aufnahme von [&hellip;]<\/p>\n","protected":false},"author":7,"featured_media":8375,"comment_status":"closed","ping_status":"open","sticky":false,"template":"","format":"standard","meta":{"footnotes":""},"categories":[44,3],"tags":[1739],"class_list":["post-8372","post","type-post","status-publish","format-standard","has-post-thumbnail","hentry","category-deutschland-2","category-news","tag-stadtentwicklung"],"_links":{"self":[{"href":"https:\/\/www.frankensicht.de\/index.php?rest_route=\/wp\/v2\/posts\/8372","targetHints":{"allow":["GET"]}}],"collection":[{"href":"https:\/\/www.frankensicht.de\/index.php?rest_route=\/wp\/v2\/posts"}],"about":[{"href":"https:\/\/www.frankensicht.de\/index.php?rest_route=\/wp\/v2\/types\/post"}],"author":[{"embeddable":true,"href":"https:\/\/www.frankensicht.de\/index.php?rest_route=\/wp\/v2\/users\/7"}],"replies":[{"embeddable":true,"href":"https:\/\/www.frankensicht.de\/index.php?rest_route=%2Fwp%2Fv2%2Fcomments&post=8372"}],"version-history":[{"count":0,"href":"https:\/\/www.frankensicht.de\/index.php?rest_route=\/wp\/v2\/posts\/8372\/revisions"}],"wp:featuredmedia":[{"embeddable":true,"href":"https:\/\/www.frankensicht.de\/index.php?rest_route=\/wp\/v2\/media\/8375"}],"wp:attachment":[{"href":"https:\/\/www.frankensicht.de\/index.php?rest_route=%2Fwp%2Fv2%2Fmedia&parent=8372"}],"wp:term":[{"taxonomy":"category","embeddable":true,"href":"https:\/\/www.frankensicht.de\/index.php?rest_route=%2Fwp%2Fv2%2Fcategories&post=8372"},{"taxonomy":"post_tag","embeddable":true,"href":"https:\/\/www.frankensicht.de\/index.php?rest_route=%2Fwp%2Fv2%2Ftags&post=8372"}],"curies":[{"name":"wp","href":"https:\/\/api.w.org\/{rel}","templated":true}]}}