{"id":8365,"date":"2015-04-04T08:21:40","date_gmt":"2015-04-04T06:21:40","guid":{"rendered":"http:\/\/www.frankensicht.de\/?p=8365"},"modified":"2015-04-04T08:21:40","modified_gmt":"2015-04-04T06:21:40","slug":"neues-domizil-fuer-die-vobue-zweigstelle-stadeln","status":"publish","type":"post","link":"https:\/\/www.frankensicht.de\/?p=8365","title":{"rendered":"Neues Domizil f\u00fcr die Vob\u00fc-Zweigstelle Stadeln"},"content":{"rendered":"<p><span style=\"color: #ff0000;\">F\u00fcrth:<\/span><\/p>\n<p>Neues Domizil f\u00fcr die Vob\u00fc-Zweigstelle Stadeln<br \/>\nNach 46 Jahren im Amtshaus zieht die Zweigstelle der Volksb\u00fccherei in Stadeln in neue ebenerdige R\u00e4ume der ehemaligen Bankfilliale in der Stadelner Hauptstra\u00dfe.<\/p>\n<p>Den Leserausweis aus dem Jahr 1969 hat Thomas Jung sich bis heute aufgehoben. &#8222;Anscheinend war er mir so ein wichtiges Erinnerungsst\u00fcck&#8220;, sagt der OB \u00fcber vier Jahrzehnte sp\u00e4ter selbst ein bisschen \u00fcberrascht. Damals war die B\u00fccherei in Stadeln im ersten Stock des jetzigen B\u00fcrgeramtes Nord neu er\u00f6ffnet worden \u2013 und 46 Jahre lang dem Standort treu geblieben.<\/p>\n<p><a href=\"https:\/\/www.frankensicht.de\/?attachment_id=3802\" rel=\"attachment wp-att-3802\"><img loading=\"lazy\" decoding=\"async\" class=\"alignnone size-medium wp-image-3802\" src=\"https:\/\/www.frankensicht.de\/wp-content\/uploads\/2012\/08\/buch2-300x225.jpg\" alt=\"buch2\" width=\"300\" height=\"225\" srcset=\"https:\/\/www.frankensicht.de\/wp-content\/uploads\/2012\/08\/buch2-300x225.jpg 300w, https:\/\/www.frankensicht.de\/wp-content\/uploads\/2012\/08\/buch2.jpg 640w\" sizes=\"auto, (max-width: 300px) 100vw, 300px\" \/><\/a><\/p>\n<p>Doch nun findet die Zweigstelle der Volksb\u00fccherei (Vob\u00fc) ein neues Domizil, und zwar nur wenige Schritte von der alten Adresse entfernt: Die ehemalige Bankfiliale in der Stadelner Hauptstra\u00dfe 94 wird ab Dienstag, 9. Juni, die neue, lichtdurchflutete Heimat werden. Ein echter Fortschritt, wie auch Vob\u00fc-Leiterin Christina R\u00f6schlein voller Freude sagt. Denn die R\u00e4umlichkeiten im Erdgeschoss bieten den B\u00fcrgern der F\u00fcrther Nordstadt mit etwa 150 Quadratmetern eine deutlich gr\u00f6\u00dfere Fl\u00e4che und damit eine attraktivere Pr\u00e4sentation der rund 40 000 Medien. &#8222;Jetzt verf\u00fcgen haben wir au\u00dferdem \u00fcber barrierefreie Zug\u00e4nge&#8220;, so R\u00f6schlein. Zudem k\u00f6nnen die \u00d6ffnungszeiten um einen Vormittag erweitert und Veranstaltungen zur Lesef\u00f6rderung f\u00fcr Kinder angeboten werden.<\/p>\n<p>&#8222;Das alles ist ein Riesengl\u00fcck&#8220;, freut sich auch Jung, der vor allem dem Eigent\u00fcmer des Hauses f\u00fcr die &#8222;sehr fairen Bedingungen&#8220;, zu denen die Stadt die R\u00e4ume f\u00fcr die Dauer von 15 Jahren mietet, dankt. Bis zur Neuer\u00f6ffnung am 9. Juni ist noch viel zu tun. Der Umzug soll w\u00e4hrend der Pfingstferien \u00fcber die B\u00fchne gehen.<\/p>\n<p>Innerhalb dieser zwei Wochen m\u00fcssen insgesamt 12 500 B\u00fccher, H\u00f6rb\u00fccher, CDs, Kassetten, Zeitschriften und DVDs eingepackt und in die Regale der neuen Zweigstelle ger\u00e4umt werden. &#8222;Wir w\u00fcrden uns sehr \u00fcber die Unterst\u00fctzung der Stadelner Vereine freuen&#8220;, hofft B\u00fcrgermeister Markus Braun. Auch ortsans\u00e4ssige Firmen k\u00f6nnten einen Beitrag leisten, um die neuen R\u00e4ume ansprechend zu gestalten und einzurichten.<br \/>\nDie Vob\u00fc-Zweigstelle Stadeln zieht um: B\u00fcrgermeister Markus Braun, Mitarbeiterin Christine Keinrath-Schlicht, Leiterin Christina R\u00f6schlein und OB Thomas Jung (v. li.) vor dem neuen Domizil in der Stadelner Hauptstra\u00dfe 94.<\/p>\n<p>Quelle: fuerth.de<\/p>\n","protected":false},"excerpt":{"rendered":"<p>F\u00fcrth: Neues Domizil f\u00fcr die Vob\u00fc-Zweigstelle Stadeln Nach 46 Jahren im Amtshaus zieht die Zweigstelle der Volksb\u00fccherei in Stadeln in neue ebenerdige R\u00e4ume der ehemaligen Bankfilliale in der Stadelner Hauptstra\u00dfe. Den Leserausweis aus dem Jahr 1969 hat Thomas Jung sich bis heute aufgehoben. &#8222;Anscheinend war er mir so ein wichtiges Erinnerungsst\u00fcck&#8220;, sagt der OB \u00fcber [&hellip;]<\/p>\n","protected":false},"author":7,"featured_media":3802,"comment_status":"closed","ping_status":"open","sticky":false,"template":"","format":"standard","meta":{"footnotes":""},"categories":[110,71,85],"tags":[1737],"class_list":["post-8365","post","type-post","status-publish","format-standard","has-post-thumbnail","hentry","category-furth-mittelfranken","category-menue","category-mittelfranken","tag-vobue"],"_links":{"self":[{"href":"https:\/\/www.frankensicht.de\/index.php?rest_route=\/wp\/v2\/posts\/8365","targetHints":{"allow":["GET"]}}],"collection":[{"href":"https:\/\/www.frankensicht.de\/index.php?rest_route=\/wp\/v2\/posts"}],"about":[{"href":"https:\/\/www.frankensicht.de\/index.php?rest_route=\/wp\/v2\/types\/post"}],"author":[{"embeddable":true,"href":"https:\/\/www.frankensicht.de\/index.php?rest_route=\/wp\/v2\/users\/7"}],"replies":[{"embeddable":true,"href":"https:\/\/www.frankensicht.de\/index.php?rest_route=%2Fwp%2Fv2%2Fcomments&post=8365"}],"version-history":[{"count":0,"href":"https:\/\/www.frankensicht.de\/index.php?rest_route=\/wp\/v2\/posts\/8365\/revisions"}],"wp:featuredmedia":[{"embeddable":true,"href":"https:\/\/www.frankensicht.de\/index.php?rest_route=\/wp\/v2\/media\/3802"}],"wp:attachment":[{"href":"https:\/\/www.frankensicht.de\/index.php?rest_route=%2Fwp%2Fv2%2Fmedia&parent=8365"}],"wp:term":[{"taxonomy":"category","embeddable":true,"href":"https:\/\/www.frankensicht.de\/index.php?rest_route=%2Fwp%2Fv2%2Fcategories&post=8365"},{"taxonomy":"post_tag","embeddable":true,"href":"https:\/\/www.frankensicht.de\/index.php?rest_route=%2Fwp%2Fv2%2Ftags&post=8365"}],"curies":[{"name":"wp","href":"https:\/\/api.w.org\/{rel}","templated":true}]}}