{"id":8352,"date":"2015-03-30T11:21:26","date_gmt":"2015-03-30T09:21:26","guid":{"rendered":"http:\/\/www.frankensicht.de\/?p=8352"},"modified":"2015-03-30T11:21:26","modified_gmt":"2015-03-30T09:21:26","slug":"neues-kfw-foerderangebot-fuer-energieeffizientes-bauen-und-sanieren-von-nichtwohngebaeuden-startet-im-juli-2015","status":"publish","type":"post","link":"https:\/\/www.frankensicht.de\/?p=8352","title":{"rendered":"Neues KfW-F\u00f6rderangebot f\u00fcr energieeffizientes Bauen und Sanieren von Nichtwohngeb\u00e4uden startet im Juli 2015"},"content":{"rendered":"<p><span style=\"color: #ff0000;\">Berlin:<\/span><\/p>\n<p>Gabriel: Wir unterst\u00fctzen Kommunen und Unternehmen beim Energiesparen<br \/>\nNeues KfW-F\u00f6rderangebot f\u00fcr energieeffizientes Bauen und Sanieren von<br \/>\nNichtwohngeb\u00e4uden startet im Juli 2015<\/p>\n<p>Ab dem 1. Juli 2015 f\u00f6rdert die KfW Bankengruppe im Auftrag des<br \/>\nBundesministeriums f\u00fcr Wirtschaft und Energie (BMWi) verst\u00e4rkt die energetische<br \/>\nSanierung und den energieeffizienten Neubau von Nichtwohngeb\u00e4uden aus Mitteln des<br \/>\nCO2-Geb\u00e4udesanierungsprogramms<br \/>\n&lt;http:\/\/www.bmwi.de\/DE\/Themen\/Energie\/Gebaeude\/co2-gebaeudesanierungsprogramm.html&gt;.<\/p>\n<p><a href=\"https:\/\/www.frankensicht.de\/?attachment_id=1463\" rel=\"attachment wp-att-1463\"><img loading=\"lazy\" decoding=\"async\" class=\"alignnone size-medium wp-image-1463\" src=\"https:\/\/www.frankensicht.de\/wp-content\/uploads\/2012\/05\/schule-300x144.png\" alt=\"schule\" width=\"300\" height=\"144\" srcset=\"https:\/\/www.frankensicht.de\/wp-content\/uploads\/2012\/05\/schule-300x144.png 300w, https:\/\/www.frankensicht.de\/wp-content\/uploads\/2012\/05\/schule.png 520w\" sizes=\"auto, (max-width: 300px) 100vw, 300px\" \/><\/a><\/p>\n<p>Der Bundesminister f\u00fcr Wirtschaft und Energie, Sigmar Gabriel<br \/>\n&lt;http:\/\/www.bmwi.de\/DE\/Ministerium\/Minister-und-Staatssekretaere\/Visitenkarten\/sigmar-gabriel.html&gt;:<br \/>\n&#8222;Wir wollen bis zum Jahr 2050 einen nahezu klimaneutralen Geb\u00e4udebestand<br \/>\nerreichen. Hierzu brauchen wir weitere Effizienzfortschritte im Geb\u00e4udebereich<br \/>\nund zwar nicht nur bei den Wohngeb\u00e4uden, sondern auch bei gewerblichen Geb\u00e4uden<br \/>\nund kommunalen Einrichtungen. Deshalb unterst\u00fctzen wir mit der neuen<br \/>\nKfW-F\u00f6rderung Unternehmen und Kommunen bei energieeinsparenden Bauinvestitionen<br \/>\nund schlie\u00dfen damit eine L\u00fccke.&#8220;<\/p>\n<p>Unternehmen und Kommunen profitieren von niedrigen Zinsen sowie von<br \/>\nTilgungszusch\u00fcssen von bis zu 17,5 Prozent, wenn sie ihre Geb\u00e4ude auf das Niveau<br \/>\neines KfW-Effizienzhauses modernisieren oder einzelne Sanierungsma\u00dfnahmen an der<br \/>\nGeb\u00e4udeh\u00fclle oder der Anlagentechnik umsetzen. Vorrangiges Ziel ist die Erh\u00f6hung<br \/>\nder Energieeffizienz<br \/>\n&lt;http:\/\/www.bmwi.de\/DE\/Themen\/Energie\/energieeffizienz.html&gt;. Auch beim Neubau<br \/>\nvon Geb\u00e4uden mit niedrigem Energiebedarf setzen KfW und BMWi gemeinsam sehr<br \/>\ndeutliche Investitionsanreize.<\/p>\n<p>&#8222;In Nichtwohngeb\u00e4uden schlummern erhebliche Effizienzpotenziale, die den<br \/>\nUnternehmen und Kommunen neben deutlichen CO2-Einsparungen auch reale<br \/>\nKostenvorteile bringen. \u00dcber 40 Prozent des Prim\u00e4renergiebedarfs aller Geb\u00e4ude<br \/>\nentf\u00e4llt auf Nichtwohngeb\u00e4ude&#8220;, sagt Dr. Ingrid Hengster, Vorstandsmitglied der<br \/>\nKfW Bankengruppe. &#8222;Wir freuen uns, dass wir neben der sehr erfolgreichen<br \/>\nF\u00f6rderung von Wohngeb\u00e4uden zuk\u00fcnftig auch das energetische Bauen und Sanieren bei<br \/>\nNichtwohngeb\u00e4uden f\u00fcr alle Unternehmen anbieten k\u00f6nnen.&#8220;<\/p>\n<p>Gewerbliche Unternehmen k\u00f6nnen unabh\u00e4ngig von ihrer Gr\u00f6\u00dfe die F\u00f6rderkredite im<br \/>\n&#8222;KfW-Energieeffizienzprogramm &#8211; Energieeffizient Bauen und Sanieren&#8220; ab dem 1.<br \/>\nJuli 2015 \u00fcber ihre Hausbanken beantragen.<\/p>\n<p>Ab 1. Oktober 2015 werden dann Kommunen, soziale Einrichtungen und kommunale<br \/>\nUnternehmen die M\u00f6glichkeit haben, auch energieeffiziente Neubauten \u00fcber die KfW<br \/>\nf\u00f6rdern zu lassen. Die bereits bestehende F\u00f6rderung f\u00fcr die energetische<br \/>\nSanierung von Geb\u00e4uden der kommunalen und sozialen Infrastruktur wird von da an<br \/>\nnoch einmal sp\u00fcrbar verbessert, zum Beispiel werden Tilgungszusch\u00fcsse in H\u00f6he von<br \/>\n5,0 Prozent f\u00fcr energetische Einzelma\u00dfnahmen eingef\u00fchrt.<\/p>\n<p>Hinweis:<br \/>\nDie Zinss\u00e4tze werden zum Start des Programms bekanntgegeben. Weitere<br \/>\nInformationen finden Interessierte zeitnah zum jeweiligen Programmstart auf der<br \/>\nInternetseite www.kfw.de &lt;http:\/\/www.kfw.de&gt;.<\/p>\n<p>Quelle:bmwi.bund.de<\/p>\n","protected":false},"excerpt":{"rendered":"<p>Berlin: Gabriel: Wir unterst\u00fctzen Kommunen und Unternehmen beim Energiesparen Neues KfW-F\u00f6rderangebot f\u00fcr energieeffizientes Bauen und Sanieren von Nichtwohngeb\u00e4uden startet im Juli 2015 Ab dem 1. Juli 2015 f\u00f6rdert die KfW Bankengruppe im Auftrag des Bundesministeriums f\u00fcr Wirtschaft und Energie (BMWi) verst\u00e4rkt die energetische Sanierung und den energieeffizienten Neubau von Nichtwohngeb\u00e4uden aus Mitteln des CO2-Geb\u00e4udesanierungsprogramms &lt;http:\/\/www.bmwi.de\/DE\/Themen\/Energie\/Gebaeude\/co2-gebaeudesanierungsprogramm.html&gt;. [&hellip;]<\/p>\n","protected":false},"author":7,"featured_media":1463,"comment_status":"closed","ping_status":"open","sticky":false,"template":"","format":"standard","meta":{"footnotes":""},"categories":[3,16],"tags":[1734],"class_list":["post-8352","post","type-post","status-publish","format-standard","has-post-thumbnail","hentry","category-news","category-wirtschaft","tag-hfd"],"_links":{"self":[{"href":"https:\/\/www.frankensicht.de\/index.php?rest_route=\/wp\/v2\/posts\/8352","targetHints":{"allow":["GET"]}}],"collection":[{"href":"https:\/\/www.frankensicht.de\/index.php?rest_route=\/wp\/v2\/posts"}],"about":[{"href":"https:\/\/www.frankensicht.de\/index.php?rest_route=\/wp\/v2\/types\/post"}],"author":[{"embeddable":true,"href":"https:\/\/www.frankensicht.de\/index.php?rest_route=\/wp\/v2\/users\/7"}],"replies":[{"embeddable":true,"href":"https:\/\/www.frankensicht.de\/index.php?rest_route=%2Fwp%2Fv2%2Fcomments&post=8352"}],"version-history":[{"count":0,"href":"https:\/\/www.frankensicht.de\/index.php?rest_route=\/wp\/v2\/posts\/8352\/revisions"}],"wp:featuredmedia":[{"embeddable":true,"href":"https:\/\/www.frankensicht.de\/index.php?rest_route=\/wp\/v2\/media\/1463"}],"wp:attachment":[{"href":"https:\/\/www.frankensicht.de\/index.php?rest_route=%2Fwp%2Fv2%2Fmedia&parent=8352"}],"wp:term":[{"taxonomy":"category","embeddable":true,"href":"https:\/\/www.frankensicht.de\/index.php?rest_route=%2Fwp%2Fv2%2Fcategories&post=8352"},{"taxonomy":"post_tag","embeddable":true,"href":"https:\/\/www.frankensicht.de\/index.php?rest_route=%2Fwp%2Fv2%2Ftags&post=8352"}],"curies":[{"name":"wp","href":"https:\/\/api.w.org\/{rel}","templated":true}]}}