{"id":8349,"date":"2015-03-27T13:49:45","date_gmt":"2015-03-27T12:49:45","guid":{"rendered":"http:\/\/www.frankensicht.de\/?p=8349"},"modified":"2024-01-24T08:48:07","modified_gmt":"2024-01-24T07:48:07","slug":"golfpark-erschliessung-abgeschlossen","status":"publish","type":"post","link":"https:\/\/www.frankensicht.de\/?p=8349","title":{"rendered":"Golfpark-Erschlie\u00dfung abgeschlossen"},"content":{"rendered":"<p><span style=\"color: #ff0000;\">F\u00fcrth:<\/span><\/p>\n<p>Golfpark-Erschlie\u00dfung abgeschlossen<br \/>\nFast genau zehn Jahre sind vergangen, seit der damalige Bundesfinanzminister Hans Eichel den st\u00e4dtebaulichen Vertrag zur Umwandlung des fr\u00fcheren Flugplatzes Atzenhof vor Ort unterzeichnet hat. Nachdem der letzte Teilabschnitt der Flugplatzstra\u00dfe vom BRK-Katastrophenschutzzentrum bis zur Hafenstra\u00dfe fertig gestellt werden konnte, ist nun ist die Erschlie\u00dfung des 123 Hektar gro\u00dfen fr\u00fcheren Kasernenareals abgeschlossen.<\/p>\n<p>Die Stadt hat unz\u00e4hlige Kanalrohre und Versorgungsleitungen verlegt, 31 000 Quadratmeter Stra\u00dfen, 15 520 Quadratmeter Rad- und Gehwege, 5 070 Quadratmeter Park- und 3140 Quadratmeter Pflanzfl\u00e4chen angelegt. Und dabei insgesamt rund 13 Millionen Euro verbaut, die die Bundesverm\u00f6gensanstalt aus den erzielten Verkaufserl\u00f6sen finanzierte.<\/p>\n<p>&#8222;Es ist eine perfekte Infrastruktur entstanden&#8220;, res\u00fcmierte Oberb\u00fcrgermeister Thomas Jung heute bei einem Ortstermin. Daher sehe er auch der weiteren Vermarktung sehr optimistisch entgegen. &#8222;Der Golfpark ist sicher das Juwel unter den Gewerbegebieten in F\u00fcrth&#8220;, so der Rathauschef. Von Anfang an sei er so konzipiert worden, dass 60 Prozent des Areals aus Gr\u00fcnfl\u00e4chen besteht. Bei der Vergabe habe man darauf geachtet, dass nur Betriebe und Dienstleister aus den Bereichen Medien, Sport, Freizeit und Forschung zum Zuge kommen und hochwertige Arbeitspl\u00e4tze entstehen: &#8222;Unser Motto lautete Nachhaltigkeit vor Beliebigkeit \u2013 das wollen wir auch weiter durchhalten.&#8220;<\/p>\n<p><a href=\"https:\/\/www.frankensicht.de\/?attachment_id=4845\" rel=\"attachment wp-att-4845\"><img loading=\"lazy\" decoding=\"async\" class=\"alignnone size-medium wp-image-4845\" src=\"https:\/\/www.frankensicht.de\/wp-content\/uploads\/2012\/12\/1euro-300x225.jpg\" alt=\"1euro\" width=\"300\" height=\"225\" srcset=\"https:\/\/www.frankensicht.de\/wp-content\/uploads\/2012\/12\/1euro-300x225.jpg 300w, https:\/\/www.frankensicht.de\/wp-content\/uploads\/2012\/12\/1euro.jpg 640w\" sizes=\"auto, (max-width: 300px) 100vw, 300px\" \/><\/a><\/p>\n<p>Laut OB sind aktuell 63 Prozent der f\u00fcr Gewerbe vorgesehenen Fl\u00e4chen belegt. Im Mittelpunkt steht das im Sommer 2013 in Betrieb genommene Entwicklungszentrum f\u00fcr R\u00f6ntgentechnik (EZRT) des Fraunhofer Instituts f\u00fcr Integrierte Schaltungen IIS, an dem rund 170 Wissenschaftler besch\u00e4ftigt sind. Jung rechnet damit, dass in etwa f\u00fcnf Jahren die Besiedelung abgeschlossen werden kann. Er sch\u00e4tzt, dass dann etwa 800 bis 1000 Menschen dort arbeiten.<\/p>\n<p>Die Erschlie\u00dfung des Golfparks z\u00e4hlt zu den letzten Ma\u00dfnahmen im Zuge der Umwandlung der fr\u00fcheren Milit\u00e4rfl\u00e4chen. &#8222;Als die US-Army zun\u00e4chst 1995 und dann 1996 bekannt gab, F\u00fcrth zu verlassen, stand die Stadt vor einer Jahrhundertaufgabe&#8220;, erinnerte sich Stadtbaurat Joachim Krau\u00dfe. &#8222;20 Jahre sp\u00e4ter k\u00f6nnen wir nun hier Vollzug melden.&#8220;<\/p>\n<p>Die Luftaufnahme von Anfang M\u00e4rz zeigt den Golfpark Atzenhof, dessen Erschlie\u00dfung mit dem letzten Teilst\u00fcck der Flugplatzstra\u00dfe vom BRK-Katastrophenschutzzentrum bis zur Hafenstra\u00dfe (links im Foto) abgeschlossen ist.<\/p>\n<p>Quelle:fuerth.de<\/p>\n","protected":false},"excerpt":{"rendered":"<p>F\u00fcrth: Golfpark-Erschlie\u00dfung abgeschlossen Fast genau zehn Jahre sind vergangen, seit der damalige Bundesfinanzminister Hans Eichel den st\u00e4dtebaulichen Vertrag zur Umwandlung des fr\u00fcheren Flugplatzes Atzenhof vor Ort unterzeichnet hat. Nachdem der letzte Teilabschnitt der Flugplatzstra\u00dfe vom BRK-Katastrophenschutzzentrum bis zur Hafenstra\u00dfe fertig gestellt werden konnte, ist nun ist die Erschlie\u00dfung des 123 Hektar gro\u00dfen fr\u00fcheren Kasernenareals abgeschlossen. [&hellip;]<\/p>\n","protected":false},"author":7,"featured_media":4845,"comment_status":"closed","ping_status":"open","sticky":false,"template":"","format":"standard","meta":{"footnotes":""},"categories":[111,71,85],"tags":[1732],"class_list":["post-8349","post","type-post","status-publish","format-standard","has-post-thumbnail","hentry","category-erlangen-mittelfranken","category-menue","category-mittelfranken","tag-golfpark"],"_links":{"self":[{"href":"https:\/\/www.frankensicht.de\/index.php?rest_route=\/wp\/v2\/posts\/8349","targetHints":{"allow":["GET"]}}],"collection":[{"href":"https:\/\/www.frankensicht.de\/index.php?rest_route=\/wp\/v2\/posts"}],"about":[{"href":"https:\/\/www.frankensicht.de\/index.php?rest_route=\/wp\/v2\/types\/post"}],"author":[{"embeddable":true,"href":"https:\/\/www.frankensicht.de\/index.php?rest_route=\/wp\/v2\/users\/7"}],"replies":[{"embeddable":true,"href":"https:\/\/www.frankensicht.de\/index.php?rest_route=%2Fwp%2Fv2%2Fcomments&post=8349"}],"version-history":[{"count":1,"href":"https:\/\/www.frankensicht.de\/index.php?rest_route=\/wp\/v2\/posts\/8349\/revisions"}],"predecessor-version":[{"id":16402,"href":"https:\/\/www.frankensicht.de\/index.php?rest_route=\/wp\/v2\/posts\/8349\/revisions\/16402"}],"wp:featuredmedia":[{"embeddable":true,"href":"https:\/\/www.frankensicht.de\/index.php?rest_route=\/wp\/v2\/media\/4845"}],"wp:attachment":[{"href":"https:\/\/www.frankensicht.de\/index.php?rest_route=%2Fwp%2Fv2%2Fmedia&parent=8349"}],"wp:term":[{"taxonomy":"category","embeddable":true,"href":"https:\/\/www.frankensicht.de\/index.php?rest_route=%2Fwp%2Fv2%2Fcategories&post=8349"},{"taxonomy":"post_tag","embeddable":true,"href":"https:\/\/www.frankensicht.de\/index.php?rest_route=%2Fwp%2Fv2%2Ftags&post=8349"}],"curies":[{"name":"wp","href":"https:\/\/api.w.org\/{rel}","templated":true}]}}