{"id":8342,"date":"2015-03-29T08:36:59","date_gmt":"2015-03-29T06:36:59","guid":{"rendered":"http:\/\/www.frankensicht.de\/?p=8342"},"modified":"2015-03-29T08:36:59","modified_gmt":"2015-03-29T06:36:59","slug":"umweltschutz-kennt-kein-mindestalter","status":"publish","type":"post","link":"https:\/\/www.frankensicht.de\/?p=8342","title":{"rendered":"Umweltschutz kennt kein Mindestalter"},"content":{"rendered":"<p><span style=\"color: #ff0000;\">M\u00fcnchen:<\/span><\/p>\n<p>Scharf: Umweltschutz kennt kein Mindestalter \/ Neues &#8222;Entdeckerbuch Natur&#8220; f\u00fcr Kinder vorgestellt<\/p>\n<p>Der Schutz der biologischen Vielfalt ist eine der wichtigsten Aufgaben der bayerischen Umweltpolitik. Das unterstrich die Bayerische Umweltministerin Ulrike Scharf heute in Oberding. Scharf: &#8222;Die Kinder von heute sind die Umweltsch\u00fctzer von morgen. F\u00fcr Umweltschutz gibt es kein Mindestalter. Kinder im Vorschulalter sind von Natur aus an Tieren und Pflanzen interessiert. Mit nat\u00fcrlichem Forscherdrang entdecken sie ihre Umwelt. Das neue Entdeckerbuch Natur soll diesen Wissensdurst stillen. Die biologische Vielfalt besteht aus vielen verschiedenen Einzelteilen: Tieren, Pflanzen, Menschen und Lebensr\u00e4umen. &#8222;Wie bei einem Puzzle d\u00fcrfen wir kein Teil verlieren. Nur so bleibt die Natur ein komplettes Bild f\u00fcr zuk\u00fcnftige Generationen.&#8220; Das neue Entdeckerbuch richtet sich an Kinder im Alter von f\u00fcnf bis acht Jahren. Mit Motiven zum Ausmalen, Ausschneiden und Aufkleben werden Kinder spielerisch an das Thema biologische Vielfalt herangef\u00fchrt. Das zus\u00e4tzlich erstellte Begleitbuch f\u00fcr Kinderg\u00e4rten, Lehrkr\u00e4ften und interessierte Eltern bietet weiterf\u00fchrende Informationen und Anregungen beispielsweise f\u00fcr Naturerlebnis-Ausfl\u00fcge mit Kindern. Das Projekt wurde von der Bayerischen Akademie f\u00fcr Naturschutz und Landschaftspflege betreut und vom Bayerischen Umweltministerium mit rund 45.000 Euro gef\u00f6rdert.<\/p>\n<p><a href=\"https:\/\/www.frankensicht.de\/?attachment_id=6464\" rel=\"attachment wp-att-6464\"><img loading=\"lazy\" decoding=\"async\" class=\"alignnone size-medium wp-image-6464\" src=\"https:\/\/www.frankensicht.de\/wp-content\/uploads\/2013\/11\/muelleimer-300x225.jpg\" alt=\"muelleimer\" width=\"300\" height=\"225\" srcset=\"https:\/\/www.frankensicht.de\/wp-content\/uploads\/2013\/11\/muelleimer-300x225.jpg 300w, https:\/\/www.frankensicht.de\/wp-content\/uploads\/2013\/11\/muelleimer.jpg 640w\" sizes=\"auto, (max-width: 300px) 100vw, 300px\" \/><\/a><\/p>\n<p>Um die hohe Artenvielfalt im Freistaat langfristig zu sichern, hat die Staatsregierung im Jahr 2014 das Programm &#8222;NaturVielfalt Bayern &amp;ndash; Biodiversit\u00e4tsprogramm Bayern 2030&#8220; beschlossen. Scharf: &#8222;Ich will f\u00fcr die Natur begeistern. Mit zus\u00e4tzlichen Anstrengungen soll dem R\u00fcckgang der Arten entgegen gewirkt werden. Das Biodiversit\u00e4tsprogramm ist unsere Firewall gegen den Artenschwund. Knapp sechs Prozent der bayerischen Tier- und dreieinhalb Prozent der Pflanzenarten sind bereits ausgestorben.&#8220; Unter anderem werden deshalb in allen Regierungsbezirken spezielle Artenhilfsprogramme f\u00fcr Tiere und Pflanzen umgesetzt, deren Fortbestand in Bayern gef\u00e4hrdet ist.<\/p>\n<p>Quelle:stmuv.bayern.de<\/p>\n","protected":false},"excerpt":{"rendered":"<p>M\u00fcnchen: Scharf: Umweltschutz kennt kein Mindestalter \/ Neues &#8222;Entdeckerbuch Natur&#8220; f\u00fcr Kinder vorgestellt Der Schutz der biologischen Vielfalt ist eine der wichtigsten Aufgaben der bayerischen Umweltpolitik. Das unterstrich die Bayerische Umweltministerin Ulrike Scharf heute in Oberding. Scharf: &#8222;Die Kinder von heute sind die Umweltsch\u00fctzer von morgen. F\u00fcr Umweltschutz gibt es kein Mindestalter. Kinder im Vorschulalter [&hellip;]<\/p>\n","protected":false},"author":7,"featured_media":6464,"comment_status":"closed","ping_status":"open","sticky":false,"template":"","format":"standard","meta":{"footnotes":""},"categories":[78,71],"tags":[1295],"class_list":["post-8342","post","type-post","status-publish","format-standard","has-post-thumbnail","hentry","category-bayern","category-menue","tag-umweltschutz"],"_links":{"self":[{"href":"https:\/\/www.frankensicht.de\/index.php?rest_route=\/wp\/v2\/posts\/8342","targetHints":{"allow":["GET"]}}],"collection":[{"href":"https:\/\/www.frankensicht.de\/index.php?rest_route=\/wp\/v2\/posts"}],"about":[{"href":"https:\/\/www.frankensicht.de\/index.php?rest_route=\/wp\/v2\/types\/post"}],"author":[{"embeddable":true,"href":"https:\/\/www.frankensicht.de\/index.php?rest_route=\/wp\/v2\/users\/7"}],"replies":[{"embeddable":true,"href":"https:\/\/www.frankensicht.de\/index.php?rest_route=%2Fwp%2Fv2%2Fcomments&post=8342"}],"version-history":[{"count":0,"href":"https:\/\/www.frankensicht.de\/index.php?rest_route=\/wp\/v2\/posts\/8342\/revisions"}],"wp:featuredmedia":[{"embeddable":true,"href":"https:\/\/www.frankensicht.de\/index.php?rest_route=\/wp\/v2\/media\/6464"}],"wp:attachment":[{"href":"https:\/\/www.frankensicht.de\/index.php?rest_route=%2Fwp%2Fv2%2Fmedia&parent=8342"}],"wp:term":[{"taxonomy":"category","embeddable":true,"href":"https:\/\/www.frankensicht.de\/index.php?rest_route=%2Fwp%2Fv2%2Fcategories&post=8342"},{"taxonomy":"post_tag","embeddable":true,"href":"https:\/\/www.frankensicht.de\/index.php?rest_route=%2Fwp%2Fv2%2Ftags&post=8342"}],"curies":[{"name":"wp","href":"https:\/\/api.w.org\/{rel}","templated":true}]}}