{"id":8323,"date":"2015-03-21T08:05:43","date_gmt":"2015-03-21T07:05:43","guid":{"rendered":"http:\/\/www.frankensicht.de\/?p=8323"},"modified":"2015-03-21T08:05:43","modified_gmt":"2015-03-21T07:05:43","slug":"zum-elften-mal-in-folge-fuerth-ist-sicherste-grossstadt-in-bayern","status":"publish","type":"post","link":"https:\/\/www.frankensicht.de\/?p=8323","title":{"rendered":"Zum elften Mal in Folge: F\u00fcrth ist sicherste Gro\u00dfstadt in Bayern"},"content":{"rendered":"<p><span style=\"color: #ff0000;\">F\u00fcrth:<\/span><\/p>\n<p>Zum elften Mal in Folge: F\u00fcrth ist sicherste Gro\u00dfstadt in Bayern<br \/>\nAuch 2014 hat sich nichts ge\u00e4ndert: In keiner bayerischen Gro\u00dfstadt lebt man so sicher wie in F\u00fcrth, dies ergibt sich aus der von Innenminister Joachim Herrmann vorgelegten polizeilichen Kriminalstatistik f\u00fcr das vergangene Jahr.<\/p>\n<p>Oberb\u00fcrgermeister Thomas Jung bedankt sich somit einmal mehr bei der engagierten F\u00fcrther Polizei sowie den aufmerksamen B\u00fcrgerinnen und B\u00fcrgern f\u00fcr die nun bereits seit elf Jahren in Folge au\u00dfergew\u00f6hnlich erfreuliche Sicherheitsbilanz.<\/p>\n<p><a href=\"https:\/\/www.frankensicht.de\/?attachment_id=8326\" rel=\"attachment wp-att-8326\"><img loading=\"lazy\" decoding=\"async\" class=\"alignnone size-medium wp-image-8326\" src=\"https:\/\/www.frankensicht.de\/wp-content\/uploads\/2015\/03\/P1020436-300x225.jpg\" alt=\"P1020436\" width=\"300\" height=\"225\" srcset=\"https:\/\/www.frankensicht.de\/wp-content\/uploads\/2015\/03\/P1020436-300x225.jpg 300w, https:\/\/www.frankensicht.de\/wp-content\/uploads\/2015\/03\/P1020436.jpg 640w\" sizes=\"auto, (max-width: 300px) 100vw, 300px\" \/><\/a><\/p>\n<p>Ausschlaggebend f\u00fcr die Statistik ist die vom bayerischen Innenministerium ver\u00f6ffentlichte H\u00e4ufigkeitszahl, die sich in Relation zur Einwohnerzahl bemisst. 2014 lag sie in der Kleeblattstadt bei 5266 F\u00e4llen (2013: 5653) und damit auf dem niedrigsten Wert aller bayerischen Gro\u00dfst\u00e4dte. Im Vergleich zum Vorjahr bedeutet das einen R\u00fcckgang um 6,8 Prozent. Bei der Aufkl\u00e4rungsquote belegt F\u00fcrth mit 67,5 Prozent erneut Platz drei hinter W\u00fcrzburg (70,5) und Augsburg (69,0).<\/p>\n<p>Auch k\u00fcnftig werde im Rathaus alles daran gesetzt, diese Spitzenposition der Kleeblattstadt in punkto Sicherheit beizubehalten, so Jung.<\/p>\n<p>Quelle:fuerth.de<\/p>\n","protected":false},"excerpt":{"rendered":"<p>F\u00fcrth: Zum elften Mal in Folge: F\u00fcrth ist sicherste Gro\u00dfstadt in Bayern Auch 2014 hat sich nichts ge\u00e4ndert: In keiner bayerischen Gro\u00dfstadt lebt man so sicher wie in F\u00fcrth, dies ergibt sich aus der von Innenminister Joachim Herrmann vorgelegten polizeilichen Kriminalstatistik f\u00fcr das vergangene Jahr. Oberb\u00fcrgermeister Thomas Jung bedankt sich somit einmal mehr bei der [&hellip;]<\/p>\n","protected":false},"author":7,"featured_media":8326,"comment_status":"closed","ping_status":"open","sticky":false,"template":"","format":"standard","meta":{"footnotes":""},"categories":[110,71,85],"tags":[1728],"class_list":["post-8323","post","type-post","status-publish","format-standard","has-post-thumbnail","hentry","category-furth-mittelfranken","category-menue","category-mittelfranken","tag-sicherste-stadt"],"_links":{"self":[{"href":"https:\/\/www.frankensicht.de\/index.php?rest_route=\/wp\/v2\/posts\/8323","targetHints":{"allow":["GET"]}}],"collection":[{"href":"https:\/\/www.frankensicht.de\/index.php?rest_route=\/wp\/v2\/posts"}],"about":[{"href":"https:\/\/www.frankensicht.de\/index.php?rest_route=\/wp\/v2\/types\/post"}],"author":[{"embeddable":true,"href":"https:\/\/www.frankensicht.de\/index.php?rest_route=\/wp\/v2\/users\/7"}],"replies":[{"embeddable":true,"href":"https:\/\/www.frankensicht.de\/index.php?rest_route=%2Fwp%2Fv2%2Fcomments&post=8323"}],"version-history":[{"count":0,"href":"https:\/\/www.frankensicht.de\/index.php?rest_route=\/wp\/v2\/posts\/8323\/revisions"}],"wp:featuredmedia":[{"embeddable":true,"href":"https:\/\/www.frankensicht.de\/index.php?rest_route=\/wp\/v2\/media\/8326"}],"wp:attachment":[{"href":"https:\/\/www.frankensicht.de\/index.php?rest_route=%2Fwp%2Fv2%2Fmedia&parent=8323"}],"wp:term":[{"taxonomy":"category","embeddable":true,"href":"https:\/\/www.frankensicht.de\/index.php?rest_route=%2Fwp%2Fv2%2Fcategories&post=8323"},{"taxonomy":"post_tag","embeddable":true,"href":"https:\/\/www.frankensicht.de\/index.php?rest_route=%2Fwp%2Fv2%2Ftags&post=8323"}],"curies":[{"name":"wp","href":"https:\/\/api.w.org\/{rel}","templated":true}]}}