{"id":8306,"date":"2015-03-18T10:17:09","date_gmt":"2015-03-18T09:17:09","guid":{"rendered":"http:\/\/www.frankensicht.de\/?p=8306"},"modified":"2015-03-18T10:17:09","modified_gmt":"2015-03-18T09:17:09","slug":"bayerns-justizminister-gibt-startschuss-fuer-die-elektronische-gerichtsakte-bei-dem-landgericht-landshut","status":"publish","type":"post","link":"https:\/\/www.frankensicht.de\/?p=8306","title":{"rendered":"Bayerns Justizminister gibt Startschuss f\u00fcr die elektronische Gerichtsakte bei dem Landgericht Landshut"},"content":{"rendered":"<p><span style=\"color: #ff0000;\">Landshut:<\/span><\/p>\n<p>Bayerns Justizminister gibt Startschuss f\u00fcr die elektronische Gerichtsakte bei dem Landgericht Landshut \/ Bausback: &#8222;Pilotprojekt stellt Weichen f\u00fcr die Zukunft!&#8220;<br \/>\nBayerns Justizminister Prof. Dr. Winfried Bausback hat heute gemeinsam mit dem Pr\u00e4sidenten des Landgerichts Heinz-Peter Mair offiziell den Startschuss f\u00fcr die Pilotierung der elektronischen Gerichtsakte bei dem Landgericht Landshut in Zivilsachen gegeben. &#8222;Die elektronische Kommunikation spielt sowohl in der Wirtschaft als auch im Privatleben eine immer gr\u00f6\u00dfere Rolle. Von dieser allgemeinen Entwicklung darf sich die Justiz nicht abkoppeln. Rechtsanw\u00e4lte und Notare, aber auch die Wirtschaft und die B\u00fcrgerinnen und B\u00fcrger erwarten, dass sich die Justiz f\u00fcr neue, moderne Kommunikationswege \u00f6ffnet&#8220;, so Bausback in Landshut. &#8222;Das tut die bayerische Justiz. Mit dem Pilotprojekt in Landshut stellen wir die Weichen f\u00fcr die Zukunft!&#8220;<\/p>\n<p><a href=\"https:\/\/www.frankensicht.de\/?attachment_id=1410\" rel=\"attachment wp-att-1410\"><img loading=\"lazy\" decoding=\"async\" class=\"alignnone size-medium wp-image-1410\" src=\"https:\/\/www.frankensicht.de\/wp-content\/uploads\/2012\/05\/paragraf-300x187.jpg\" alt=\"paragraf\" width=\"300\" height=\"187\" srcset=\"https:\/\/www.frankensicht.de\/wp-content\/uploads\/2012\/05\/paragraf-300x187.jpg 300w, https:\/\/www.frankensicht.de\/wp-content\/uploads\/2012\/05\/paragraf.jpg 640w\" sizes=\"auto, (max-width: 300px) 100vw, 300px\" \/><\/a><\/p>\n<p>Das Landgericht Landshut habe im Rahmen dieses Projekts als erstes Gericht in Bayern zum 1. Dezember 2014 den elektronischen Rechtsverkehr in Zivilsachen er\u00f6ffnet und damit f\u00fcr die Verfahrensbeteiligten die M\u00f6glichkeit geschaffen, Klagen, Antr\u00e4ge und sonstige Dokumente elektronisch bei Gericht einreichen zu k\u00f6nnen. &#8222;In einem zweiten Schritt wird jetzt auch die Aktenf\u00fchrung schrittweise auf die elektronische Akte umgestellt werden, zun\u00e4chst in zwei Kammern und als parallele Zweitakte&#8220;, so Bausback.<\/p>\n<p>Um online \u00fcber das Internet eingereichte Klagen k\u00fcnftig bis zur Online-Zustellung des Urteils durchg\u00e4ngig elektronisch bearbeiten zu k\u00f6nnen, habe die bayerische Justiz eigens ein Programm in Auftrag gegeben. Der Minister: &#8222;Die Akzeptanz der Anwender steht f\u00fcr mich hier ganz oben. Die erheblichen Auswirkungen der neuen Programme und der neuen Technik bedeuten, dass auch k\u00fcnftig das Prinzip &#8222;Sicherheit und Gr\u00fcndlichkeit vor Schnelligkeit&#8220; beachtet werden muss. Der Umstieg von der parallelen zur verbindlichen elektronischen Akte wird erst dann erfolgen, wenn wir wissen, dass die Programme und die technische Ausstattung praxistauglich und zuverl\u00e4ssig sind.&#8220;<\/p>\n<p>Bausback weiter: &#8222;Die durchg\u00e4ngige elektronische Bearbeitung ver\u00e4ndert die Arbeitsabl\u00e4ufe erheblich und stellt damit hohe Anforderungen an die Richter, Rechtspfleger und Bediensteten der Serviceeinheiten. Das ist mir sehr bewusst. Das bedeutet ohne Frage gro\u00dfe Umstellungen und verlangt allen Betroffenen Einiges ab. Es handelt sich auch nicht um einige wenige, die betroffen sind, sondern alle m\u00fcssen mitgenommen werden.&#8220;<\/p>\n<p>Abschlie\u00dfend spricht Bausback allen an dem Pilotprojekt beteiligten Personen, insbesondere den Mitarbeiterinnen und Mitarbeitern am Landgericht Landshut, die die elektronische Akte in der Praxis erproben werden, seinen Dank aus: &#8222;Ohne ihren Einsatz kann das Projekt nicht gelingen!&#8220;<\/p>\n<p>Quelle: stmj.bayern.de<\/p>\n","protected":false},"excerpt":{"rendered":"<p>Landshut: Bayerns Justizminister gibt Startschuss f\u00fcr die elektronische Gerichtsakte bei dem Landgericht Landshut \/ Bausback: &#8222;Pilotprojekt stellt Weichen f\u00fcr die Zukunft!&#8220; Bayerns Justizminister Prof. Dr. Winfried Bausback hat heute gemeinsam mit dem Pr\u00e4sidenten des Landgerichts Heinz-Peter Mair offiziell den Startschuss f\u00fcr die Pilotierung der elektronischen Gerichtsakte bei dem Landgericht Landshut in Zivilsachen gegeben. &#8222;Die elektronische [&hellip;]<\/p>\n","protected":false},"author":7,"featured_media":1410,"comment_status":"closed","ping_status":"open","sticky":false,"template":"","format":"standard","meta":{"footnotes":""},"categories":[78,71],"tags":[1545],"class_list":["post-8306","post","type-post","status-publish","format-standard","has-post-thumbnail","hentry","category-bayern","category-menue","tag-elektronische-akte"],"_links":{"self":[{"href":"https:\/\/www.frankensicht.de\/index.php?rest_route=\/wp\/v2\/posts\/8306","targetHints":{"allow":["GET"]}}],"collection":[{"href":"https:\/\/www.frankensicht.de\/index.php?rest_route=\/wp\/v2\/posts"}],"about":[{"href":"https:\/\/www.frankensicht.de\/index.php?rest_route=\/wp\/v2\/types\/post"}],"author":[{"embeddable":true,"href":"https:\/\/www.frankensicht.de\/index.php?rest_route=\/wp\/v2\/users\/7"}],"replies":[{"embeddable":true,"href":"https:\/\/www.frankensicht.de\/index.php?rest_route=%2Fwp%2Fv2%2Fcomments&post=8306"}],"version-history":[{"count":0,"href":"https:\/\/www.frankensicht.de\/index.php?rest_route=\/wp\/v2\/posts\/8306\/revisions"}],"wp:featuredmedia":[{"embeddable":true,"href":"https:\/\/www.frankensicht.de\/index.php?rest_route=\/wp\/v2\/media\/1410"}],"wp:attachment":[{"href":"https:\/\/www.frankensicht.de\/index.php?rest_route=%2Fwp%2Fv2%2Fmedia&parent=8306"}],"wp:term":[{"taxonomy":"category","embeddable":true,"href":"https:\/\/www.frankensicht.de\/index.php?rest_route=%2Fwp%2Fv2%2Fcategories&post=8306"},{"taxonomy":"post_tag","embeddable":true,"href":"https:\/\/www.frankensicht.de\/index.php?rest_route=%2Fwp%2Fv2%2Ftags&post=8306"}],"curies":[{"name":"wp","href":"https:\/\/api.w.org\/{rel}","templated":true}]}}