{"id":8302,"date":"2015-03-17T11:52:39","date_gmt":"2015-03-17T10:52:39","guid":{"rendered":"http:\/\/www.frankensicht.de\/?p=8302"},"modified":"2015-03-17T11:52:39","modified_gmt":"2015-03-17T10:52:39","slug":"huml-foerdert-pollenflug-pilotprojekt-bayerns-gesundheitsministerin-bessere-vorhersage-soll-allergikern-helfen","status":"publish","type":"post","link":"https:\/\/www.frankensicht.de\/?p=8302","title":{"rendered":"Huml f\u00f6rdert Pollenflug-Pilotprojekt &#8211; Bayerns Gesundheitsministerin: Bessere Vorhersage soll Allergikern helfen"},"content":{"rendered":"<p><span style=\"color: #ff0000;\">M\u00fcnchen:<\/span><\/p>\n<p>Huml f\u00f6rdert Pollenflug-Pilotprojekt &#8211; Bayerns Gesundheitsministerin: Bessere Vorhersage soll Allergikern helfen<\/p>\n<p>Bayerns Gesundheitsministerin Melanie Huml will die Pollenflug-Vorhersage im Freistaat verbessern. Deshalb unterst\u00fctzt die Ministerin in diesem Jahr ein entsprechendes Pilotprojekt. Huml betonte am Dienstag in M\u00fcnchen: &#8222;Mit dem Fr\u00fchling kommen f\u00fcr Allergiker nicht nur angenehme Zeiten. Ziel unseres Pilotprojekts ist es, den Pollenflug genauer und langfristiger vorhersagen zu k\u00f6nnen. Dann k\u00f6nnen sich Allergiker besser vorbereiten und zum Beispiel ihre Aktivit\u00e4ten im Freien einschr\u00e4nken, wenn starker Pollenflug angek\u00fcndigt ist.&#8220;<\/p>\n<p>Nach Angaben des Landesamts f\u00fcr Gesundheit und Lebensmittelsicherheit leiden derzeit rund 2,2 Millionen Menschen allein in Bayern an einer allergischen Erkrankung. Besonders viele Menschen sind dabei von Heuschnupfen und Asthma betroffen. Die Ministerin unterstrich: &#8222;Mit Hilfe des Pilotprojekts wollen wir dabei helfen, im Alltag durch genauere Informationen \u00fcber den bevorstehenden Pollenflug unter anderem asthmatische Beschwerden zu verhindern oder zumindest abzumildern.&#8220;<\/p>\n<p><a href=\"https:\/\/www.frankensicht.de\/?attachment_id=7477\" rel=\"attachment wp-att-7477\"><img loading=\"lazy\" decoding=\"async\" class=\"alignnone size-medium wp-image-7477\" src=\"https:\/\/www.frankensicht.de\/wp-content\/uploads\/2014\/08\/P1020626-300x225.jpg\" alt=\"P1020626\" width=\"300\" height=\"225\" srcset=\"https:\/\/www.frankensicht.de\/wp-content\/uploads\/2014\/08\/P1020626-300x225.jpg 300w, https:\/\/www.frankensicht.de\/wp-content\/uploads\/2014\/08\/P1020626.jpg 640w\" sizes=\"auto, (max-width: 300px) 100vw, 300px\" \/><\/a><\/p>\n<p>Das Projekt wird vom Zentrum f\u00fcr Allergie und Umwelt der Technischen Universit\u00e4t M\u00fcnchen unter Beteiligung weiterer Partner durchgef\u00fchrt und durch das Bayerische Gesundheitsministerium mit 65.000 Euro gef\u00f6rdert.<\/p>\n<p>Aktuell sind insbesondere Haselpollen f\u00fcr allergische Reaktionen bei Betroffenen verantwortlich. In K\u00fcrze werden auch vermehrt die Pollen von Erle und Birke fliegen. Experten gehen davon aus, dass sich die Belastung durch Pollen aufgrund des Klimawandels und damit l\u00e4ngerer Bl\u00fctezeiten zuk\u00fcnftig noch erh\u00f6hen wird.<\/p>\n<p>Quelle: stmgp.bayern.de<\/p>\n","protected":false},"excerpt":{"rendered":"<p>M\u00fcnchen: Huml f\u00f6rdert Pollenflug-Pilotprojekt &#8211; Bayerns Gesundheitsministerin: Bessere Vorhersage soll Allergikern helfen Bayerns Gesundheitsministerin Melanie Huml will die Pollenflug-Vorhersage im Freistaat verbessern. Deshalb unterst\u00fctzt die Ministerin in diesem Jahr ein entsprechendes Pilotprojekt. Huml betonte am Dienstag in M\u00fcnchen: &#8222;Mit dem Fr\u00fchling kommen f\u00fcr Allergiker nicht nur angenehme Zeiten. Ziel unseres Pilotprojekts ist es, den Pollenflug [&hellip;]<\/p>\n","protected":false},"author":7,"featured_media":7477,"comment_status":"closed","ping_status":"open","sticky":false,"template":"","format":"standard","meta":{"footnotes":""},"categories":[78,71],"tags":[1724],"class_list":["post-8302","post","type-post","status-publish","format-standard","has-post-thumbnail","hentry","category-bayern","category-menue","tag-pollenflug"],"_links":{"self":[{"href":"https:\/\/www.frankensicht.de\/index.php?rest_route=\/wp\/v2\/posts\/8302","targetHints":{"allow":["GET"]}}],"collection":[{"href":"https:\/\/www.frankensicht.de\/index.php?rest_route=\/wp\/v2\/posts"}],"about":[{"href":"https:\/\/www.frankensicht.de\/index.php?rest_route=\/wp\/v2\/types\/post"}],"author":[{"embeddable":true,"href":"https:\/\/www.frankensicht.de\/index.php?rest_route=\/wp\/v2\/users\/7"}],"replies":[{"embeddable":true,"href":"https:\/\/www.frankensicht.de\/index.php?rest_route=%2Fwp%2Fv2%2Fcomments&post=8302"}],"version-history":[{"count":0,"href":"https:\/\/www.frankensicht.de\/index.php?rest_route=\/wp\/v2\/posts\/8302\/revisions"}],"wp:featuredmedia":[{"embeddable":true,"href":"https:\/\/www.frankensicht.de\/index.php?rest_route=\/wp\/v2\/media\/7477"}],"wp:attachment":[{"href":"https:\/\/www.frankensicht.de\/index.php?rest_route=%2Fwp%2Fv2%2Fmedia&parent=8302"}],"wp:term":[{"taxonomy":"category","embeddable":true,"href":"https:\/\/www.frankensicht.de\/index.php?rest_route=%2Fwp%2Fv2%2Fcategories&post=8302"},{"taxonomy":"post_tag","embeddable":true,"href":"https:\/\/www.frankensicht.de\/index.php?rest_route=%2Fwp%2Fv2%2Ftags&post=8302"}],"curies":[{"name":"wp","href":"https:\/\/api.w.org\/{rel}","templated":true}]}}