{"id":8299,"date":"2015-03-16T10:58:05","date_gmt":"2015-03-16T09:58:05","guid":{"rendered":"http:\/\/www.frankensicht.de\/?p=8299"},"modified":"2015-03-16T10:58:05","modified_gmt":"2015-03-16T09:58:05","slug":"einfuehrung-eines-angehoerigenschmerzensgelde","status":"publish","type":"post","link":"https:\/\/www.frankensicht.de\/?p=8299","title":{"rendered":"Einf\u00fchrung eines Angeh\u00f6rigenschmerzensgelde"},"content":{"rendered":"<p><span style=\"color: #ff0000;\">Forchheim:<\/span><\/p>\n<p>Justizministers Prof. Dr. Winfried Bausback spricht sich in seiner heutigen Festrede anl\u00e4sslich des 20-j\u00e4hrigen Bestehens des Wei\u00dfen Rings in Forchheim f\u00fcr die Einf\u00fchrung eines Angeh\u00f6rigenschmerzensgeldes aus. Der Minister heute in Forchheim: &#8222;Ein modernes und humanes Schadensersatzrecht darf \u00fcber die verheerenden seelischen Folgen, die nahe Angeh\u00f6rige erleiden, wenn ein Verwandter schuldhaft get\u00f6tet wird, nicht einfach hinweggehen. Das tut das geltende Recht aber: Die Eltern eines kleinen Kindes, das von einem betrunkenen Verkehrsteilnehmer \u00fcberfahren wird und stirbt, erhalten in aller Regel zwar die Beerdigungskosten, aber keinen Schadensersatz f\u00fcr ihr seelisches Leid. Diese augenscheinliche Regelungsl\u00fccke m\u00fcssen wir dringend schlie\u00dfen.&#8220;<\/p>\n<p><a href=\"https:\/\/www.frankensicht.de\/?attachment_id=1410\" rel=\"attachment wp-att-1410\"><img loading=\"lazy\" decoding=\"async\" class=\"alignnone size-medium wp-image-1410\" src=\"https:\/\/www.frankensicht.de\/wp-content\/uploads\/2012\/05\/paragraf-300x187.jpg\" alt=\"paragraf\" width=\"300\" height=\"187\" srcset=\"https:\/\/www.frankensicht.de\/wp-content\/uploads\/2012\/05\/paragraf-300x187.jpg 300w, https:\/\/www.frankensicht.de\/wp-content\/uploads\/2012\/05\/paragraf.jpg 640w\" sizes=\"auto, (max-width: 300px) 100vw, 300px\" \/><\/a><\/p>\n<p>Bausback weiter: &#8222;Ich habe mich bereits bei den Koalitionsverhandlungen im Herbst 2013 f\u00fcr dieses wichtige Thema eingesetzt und freue mich, dass die Forderung in den Koalitionsvertrag aufgenommen wurde. Es wird Zeit, dass wir das nun endlich auch umsetzen. Meine Vorstellungen dazu liegen bereits auf dem Tisch: Im Februar habe ich einen Gesetzesvorschlag in die rechtspolitische Diskussion eingebracht. Ich werde mit Nachdruck an dem Thema dran bleiben &#8211; nicht zuletzt auch deswegen, weil Deutschland mit dieser Gesetzesl\u00fccke zu einer kleinen Minderheit in Europa geh\u00f6rt.&#8220;<\/p>\n<p>Bausback betont, es gehe keinesfalls darum, ein Menschenleben mit Geld &#8222;aufzuwiegen&#8220; oder den pers\u00f6nlichen Verlust eines nahen Angeh\u00f6rigen finanziell auszugleichen. &#8222;Das ist unm\u00f6glich&#8220;, so der Minister. &#8222;Ein Schmerzensgeld kann f\u00fcr die nahen Angeh\u00f6rigen aber ein symbolisches Gegengewicht zu den schweren seelischen Beeintr\u00e4chtigungen und zugleich ein sichtbares Zeichen der Solidarit\u00e4t der Rechtsgemeinschaft sein.&#8220;<\/p>\n<p>Den Gesetzentwurf zum Angeh\u00f6rigenschmerzensgeld finden Sie hier:<\/p>\n<p>http:\/\/www.justiz.bayern.de\/media\/pdf\/gesetze<\/p>\n<p>Quelle: stmj.bayern.de<\/p>\n","protected":false},"excerpt":{"rendered":"<p>Forchheim: Justizministers Prof. Dr. Winfried Bausback spricht sich in seiner heutigen Festrede anl\u00e4sslich des 20-j\u00e4hrigen Bestehens des Wei\u00dfen Rings in Forchheim f\u00fcr die Einf\u00fchrung eines Angeh\u00f6rigenschmerzensgeldes aus. Der Minister heute in Forchheim: &#8222;Ein modernes und humanes Schadensersatzrecht darf \u00fcber die verheerenden seelischen Folgen, die nahe Angeh\u00f6rige erleiden, wenn ein Verwandter schuldhaft get\u00f6tet wird, nicht einfach [&hellip;]<\/p>\n","protected":false},"author":7,"featured_media":1410,"comment_status":"closed","ping_status":"open","sticky":false,"template":"","format":"standard","meta":{"footnotes":""},"categories":[107,71,83],"tags":[1723],"class_list":["post-8299","post","type-post","status-publish","format-standard","has-post-thumbnail","hentry","category-forchheim-oberfranken","category-menue","category-oberfranken","tag-schmerzensgeld"],"_links":{"self":[{"href":"https:\/\/www.frankensicht.de\/index.php?rest_route=\/wp\/v2\/posts\/8299","targetHints":{"allow":["GET"]}}],"collection":[{"href":"https:\/\/www.frankensicht.de\/index.php?rest_route=\/wp\/v2\/posts"}],"about":[{"href":"https:\/\/www.frankensicht.de\/index.php?rest_route=\/wp\/v2\/types\/post"}],"author":[{"embeddable":true,"href":"https:\/\/www.frankensicht.de\/index.php?rest_route=\/wp\/v2\/users\/7"}],"replies":[{"embeddable":true,"href":"https:\/\/www.frankensicht.de\/index.php?rest_route=%2Fwp%2Fv2%2Fcomments&post=8299"}],"version-history":[{"count":0,"href":"https:\/\/www.frankensicht.de\/index.php?rest_route=\/wp\/v2\/posts\/8299\/revisions"}],"wp:featuredmedia":[{"embeddable":true,"href":"https:\/\/www.frankensicht.de\/index.php?rest_route=\/wp\/v2\/media\/1410"}],"wp:attachment":[{"href":"https:\/\/www.frankensicht.de\/index.php?rest_route=%2Fwp%2Fv2%2Fmedia&parent=8299"}],"wp:term":[{"taxonomy":"category","embeddable":true,"href":"https:\/\/www.frankensicht.de\/index.php?rest_route=%2Fwp%2Fv2%2Fcategories&post=8299"},{"taxonomy":"post_tag","embeddable":true,"href":"https:\/\/www.frankensicht.de\/index.php?rest_route=%2Fwp%2Fv2%2Ftags&post=8299"}],"curies":[{"name":"wp","href":"https:\/\/api.w.org\/{rel}","templated":true}]}}