{"id":8295,"date":"2015-03-14T07:44:22","date_gmt":"2015-03-14T06:44:22","guid":{"rendered":"http:\/\/www.frankensicht.de\/?p=8295"},"modified":"2015-03-14T07:44:22","modified_gmt":"2015-03-14T06:44:22","slug":"neue-pilotstuetzpunkte-fuer-regionale-verbraucherbildung","status":"publish","type":"post","link":"https:\/\/www.frankensicht.de\/?p=8295","title":{"rendered":"Neue Pilotst\u00fctzpunkte f\u00fcr regionale Verbraucherbildung"},"content":{"rendered":"<p><span style=\"color: #ff0000;\">M\u00fcnchen:<\/span><\/p>\n<p>Scharf: Neue Pilotst\u00fctzpunkte f\u00fcr regionale Verbraucherbildung \/ Bayernweite Pilotphase startet in Memmingen und Landkreis Amberg-Sulzbach<\/p>\n<p>Der Freistaat st\u00e4rkt die Verbraucherbildung vor Ort. Die Volkshochschule (VHS) Memmingen und die VHS Landkreis Amberg-Sulzbach werden zu den bayernweit ersten Pilotst\u00fctzpunkten der regionalen Verbraucherbildung. Die Bayerische Verbraucherschutzministerin Ulrike Scharf betonte dazu heute zum Start der Pilotphase an der VHS Memmingen: &#8222;In einer globalen und digitalen Welt setzen wir bewusst auf individuelle Information vor Ort. Deswegen werden wir die Verbraucherbildung in den Regionen weiter ausbauen. Der Schl\u00fcssel dazu sind hochwertige und neutrale Informationsveranstaltungen f\u00fcr die B\u00fcrger. Neue und schon bestehende wohnortnahe Angebote f\u00fcr Verbraucher werden so besser vernetzt und besser sichtbar.&#8220; Gemeinsam mit den Verbraucherverb\u00e4nden und weiteren Akteuren bauen die beteiligten Volkshochschulen jetzt einen eigenen Programmschwerpunkt Verbraucherbildung auf. Im Fokus stehen dabei die aktuellen Themenfelder Finanzen und digitale Welt. F\u00fcr die hohe Qualit\u00e4t der Bildungsangebote stehen erfahrene und speziell fortgebildete Verbrauchertrainer und das Siegel &#8222;Verbraucherbildung Bayern&#8220;.<\/p>\n<p><a href=\"https:\/\/www.frankensicht.de\/?attachment_id=8045\" rel=\"attachment wp-att-8045\"><img loading=\"lazy\" decoding=\"async\" class=\"alignnone size-medium wp-image-8045\" src=\"https:\/\/www.frankensicht.de\/wp-content\/uploads\/2015\/01\/kuehe-300x225.jpg\" alt=\"kuehe\" width=\"300\" height=\"225\" srcset=\"https:\/\/www.frankensicht.de\/wp-content\/uploads\/2015\/01\/kuehe-300x225.jpg 300w, https:\/\/www.frankensicht.de\/wp-content\/uploads\/2015\/01\/kuehe.jpg 640w\" sizes=\"auto, (max-width: 300px) 100vw, 300px\" \/><\/a><\/p>\n<p>Das Kursspektrum an der VHS Memmingen im Sommersemester 2015 umfasst ein Themenspektrum von Altersvorsorge, Geldanlage bei Niedrigzinsen, Umgang mit Handwerker- und Kundendienstrechnungen bis hin zu Tipps bei Abzocke und Abo-Fallen im Internet. Die VHS Landkreis Amberg-Sulzbach stellt den neuen Programmschwerpunkt am 8. Mai vor. Das Projekt &#8222;St\u00fctzpunkte Verbraucherbildung&#8220; f\u00fchrt das Bayerische Verbraucherschutzministerium gemeinsam mit dem Bayerischen Volkshochschulverband (bvv) und den bayerischen Verbraucherverb\u00e4nden durch.<\/p>\n<p>Quelle:stmuv.bayern.de<\/p>\n","protected":false},"excerpt":{"rendered":"<p>M\u00fcnchen: Scharf: Neue Pilotst\u00fctzpunkte f\u00fcr regionale Verbraucherbildung \/ Bayernweite Pilotphase startet in Memmingen und Landkreis Amberg-Sulzbach Der Freistaat st\u00e4rkt die Verbraucherbildung vor Ort. Die Volkshochschule (VHS) Memmingen und die VHS Landkreis Amberg-Sulzbach werden zu den bayernweit ersten Pilotst\u00fctzpunkten der regionalen Verbraucherbildung. Die Bayerische Verbraucherschutzministerin Ulrike Scharf betonte dazu heute zum Start der Pilotphase an der [&hellip;]<\/p>\n","protected":false},"author":7,"featured_media":8045,"comment_status":"closed","ping_status":"open","sticky":false,"template":"","format":"standard","meta":{"footnotes":""},"categories":[78,71],"tags":[1136],"class_list":["post-8295","post","type-post","status-publish","format-standard","has-post-thumbnail","hentry","category-bayern","category-menue","tag-verbraucherbildung"],"_links":{"self":[{"href":"https:\/\/www.frankensicht.de\/index.php?rest_route=\/wp\/v2\/posts\/8295","targetHints":{"allow":["GET"]}}],"collection":[{"href":"https:\/\/www.frankensicht.de\/index.php?rest_route=\/wp\/v2\/posts"}],"about":[{"href":"https:\/\/www.frankensicht.de\/index.php?rest_route=\/wp\/v2\/types\/post"}],"author":[{"embeddable":true,"href":"https:\/\/www.frankensicht.de\/index.php?rest_route=\/wp\/v2\/users\/7"}],"replies":[{"embeddable":true,"href":"https:\/\/www.frankensicht.de\/index.php?rest_route=%2Fwp%2Fv2%2Fcomments&post=8295"}],"version-history":[{"count":0,"href":"https:\/\/www.frankensicht.de\/index.php?rest_route=\/wp\/v2\/posts\/8295\/revisions"}],"wp:featuredmedia":[{"embeddable":true,"href":"https:\/\/www.frankensicht.de\/index.php?rest_route=\/wp\/v2\/media\/8045"}],"wp:attachment":[{"href":"https:\/\/www.frankensicht.de\/index.php?rest_route=%2Fwp%2Fv2%2Fmedia&parent=8295"}],"wp:term":[{"taxonomy":"category","embeddable":true,"href":"https:\/\/www.frankensicht.de\/index.php?rest_route=%2Fwp%2Fv2%2Fcategories&post=8295"},{"taxonomy":"post_tag","embeddable":true,"href":"https:\/\/www.frankensicht.de\/index.php?rest_route=%2Fwp%2Fv2%2Ftags&post=8295"}],"curies":[{"name":"wp","href":"https:\/\/api.w.org\/{rel}","templated":true}]}}