{"id":8286,"date":"2015-03-13T11:05:51","date_gmt":"2015-03-13T10:05:51","guid":{"rendered":"http:\/\/www.frankensicht.de\/?p=8286"},"modified":"2015-03-13T11:05:51","modified_gmt":"2015-03-13T10:05:51","slug":"wendepunkt-fuer-innenstadthandel","status":"publish","type":"post","link":"https:\/\/www.frankensicht.de\/?p=8286","title":{"rendered":"Wendepunkt f\u00fcr Innenstadthandel"},"content":{"rendered":"<p>F\u00fcrth:<\/p>\n<p>Wendepunkt f\u00fcr Innenstadthandel<br \/>\n19 neue Gesch\u00e4fte: Gestern er\u00f6ffneten die ersten L\u00e4den der Neuen Mitte und das Hornschuch-Center. OB Jung setzt bei der Einkaufslandschaft im Herzen der Stadt auf eine Aufw\u00e4rtsspirale.<\/p>\n<p>Die Vorfreude war enorm. Am Vortag sprachen Oberb\u00fcrgermeister Thomas Jung, Stadtbaurat Joachim Krau\u00dfe und Wirtschaftsreferent Horst M\u00fcller von einem einschneidenden Ereignis und von einem Wendepunkt f\u00fcr die Einkaufssituation in der Innenstadt. Eine Aussage, die sich nach den ersten Tagen bewahrheiten sollte. Als sowohl das Hornschuch-Center, als auch die ersten L\u00e4den in der Neuen Mitte er\u00f6ffneten, war der Andrang gro\u00df und die Resonanz bei den zahlreichen Kundinnen und Kunden \u00fcberaus positiv.<\/p>\n<p>Neugierig str\u00f6mten die F\u00fcrtherinnen und F\u00fcrther in die insgesamt 19 neuen Gesch\u00e4fte. Ob Edeka-Center und Schuh M\u00fccke, die Ankermieter im fr\u00fcheren Marktkaufgeb\u00e4ude, oder C &amp; A, s.Oliver und Hunkem\u00f6ller auf dem fr\u00fcheren W\u00f6fel-Areal \u2013 alle \u00fcberzeugten mit einem attraktiven Erscheinungsbild, modernem Ambiente und zahlreichen Aktionen.<\/p>\n<p><a href=\"https:\/\/www.frankensicht.de\/?attachment_id=6653\" rel=\"attachment wp-att-6653\"><img loading=\"lazy\" decoding=\"async\" class=\"alignnone size-medium wp-image-6653\" src=\"https:\/\/www.frankensicht.de\/wp-content\/uploads\/2014\/01\/Fuerth-300x231.jpg\" alt=\"Fuerth\" width=\"300\" height=\"231\" srcset=\"https:\/\/www.frankensicht.de\/wp-content\/uploads\/2014\/01\/Fuerth-300x231.jpg 300w, https:\/\/www.frankensicht.de\/wp-content\/uploads\/2014\/01\/Fuerth.jpg 930w\" sizes=\"auto, (max-width: 300px) 100vw, 300px\" \/><\/a><\/p>\n<p>&#8222;Gute Zahlen auf dem Arbeitsmarkt, Bev\u00f6lkerungswachstum, ein regelrechter Wohnungsbauboom \u2013 F\u00fcrth hat in den vergangenen Jahren in allen wichtigen Bereichen eine positive Entwicklung verzeichnen k\u00f6nnen&#8220;, erkl\u00e4rte Jung bei der Einweihung der neuen Einkaufsschwerpunkte. Nur beim Einkaufen in der Innenstadt habe es schwere Defizite gegeben. Das sei einer Gro\u00dfstadt nicht w\u00fcrdig gewesen. &#8222;Ich bin aber \u00fcberzeugt, dass mit den neuen Gesch\u00e4ften, die die Einkaufsfl\u00e4che im Stadtzentrum auf einen Schlag verdoppelt haben, nun eine Aufw\u00e4rtsspirale in Gang gesetzt wurde.&#8220; Anzeichen daf\u00fcr gebe es bereits. Beispiele seien das fr\u00fchere Quelle-Kaufhaus, das in K\u00fcrze von W\u00f6hrl saniert und neu gestaltet wird, aber auch das mittlerweile verwaiste Geb\u00e4ude der Commerzbank, in dem Investoren weiteren Raum f\u00fcr Einzelh\u00e4ndler schaffen wollen.<\/p>\n<p>In zwei Jahren \u2013 wenn alle Ma\u00dfnahmen abgeschlossen sind \u2013 werden die F\u00fcrtherinnen und F\u00fcrther in ihrer Innenstadt endg\u00fcltig eine angemessene Einkaufssituation vorfinden&#8220;, sagte der OB und f\u00fcgte hinzu: &#8222;Und auch die Hoffnung, dass sich f\u00fcr das City-Center eine L\u00f6sung findet, habe ich noch nicht aufgegeben.&#8220;<\/p>\n<p>Zur Er\u00f6ffnung des ersten Bauabschnitts der Neuen Mitte F\u00fcrth schnitten Wirtschaftsreferent Horst M\u00fcller, MIB-Gesch\u00e4ftsf\u00fchrer Uwe Laule und Oberb\u00fcrgermeister Thomas Jung ein rotes Band durch.<\/p>\n<p>Quelle:fuerth.de<\/p>\n","protected":false},"excerpt":{"rendered":"<p>F\u00fcrth: Wendepunkt f\u00fcr Innenstadthandel 19 neue Gesch\u00e4fte: Gestern er\u00f6ffneten die ersten L\u00e4den der Neuen Mitte und das Hornschuch-Center. OB Jung setzt bei der Einkaufslandschaft im Herzen der Stadt auf eine Aufw\u00e4rtsspirale. Die Vorfreude war enorm. Am Vortag sprachen Oberb\u00fcrgermeister Thomas Jung, Stadtbaurat Joachim Krau\u00dfe und Wirtschaftsreferent Horst M\u00fcller von einem einschneidenden Ereignis und von einem [&hellip;]<\/p>\n","protected":false},"author":7,"featured_media":6653,"comment_status":"closed","ping_status":"open","sticky":false,"template":"","format":"standard","meta":{"footnotes":""},"categories":[110,71,85],"tags":[1721],"class_list":["post-8286","post","type-post","status-publish","format-standard","has-post-thumbnail","hentry","category-furth-mittelfranken","category-menue","category-mittelfranken","tag-geschaefte"],"_links":{"self":[{"href":"https:\/\/www.frankensicht.de\/index.php?rest_route=\/wp\/v2\/posts\/8286","targetHints":{"allow":["GET"]}}],"collection":[{"href":"https:\/\/www.frankensicht.de\/index.php?rest_route=\/wp\/v2\/posts"}],"about":[{"href":"https:\/\/www.frankensicht.de\/index.php?rest_route=\/wp\/v2\/types\/post"}],"author":[{"embeddable":true,"href":"https:\/\/www.frankensicht.de\/index.php?rest_route=\/wp\/v2\/users\/7"}],"replies":[{"embeddable":true,"href":"https:\/\/www.frankensicht.de\/index.php?rest_route=%2Fwp%2Fv2%2Fcomments&post=8286"}],"version-history":[{"count":0,"href":"https:\/\/www.frankensicht.de\/index.php?rest_route=\/wp\/v2\/posts\/8286\/revisions"}],"wp:featuredmedia":[{"embeddable":true,"href":"https:\/\/www.frankensicht.de\/index.php?rest_route=\/wp\/v2\/media\/6653"}],"wp:attachment":[{"href":"https:\/\/www.frankensicht.de\/index.php?rest_route=%2Fwp%2Fv2%2Fmedia&parent=8286"}],"wp:term":[{"taxonomy":"category","embeddable":true,"href":"https:\/\/www.frankensicht.de\/index.php?rest_route=%2Fwp%2Fv2%2Fcategories&post=8286"},{"taxonomy":"post_tag","embeddable":true,"href":"https:\/\/www.frankensicht.de\/index.php?rest_route=%2Fwp%2Fv2%2Ftags&post=8286"}],"curies":[{"name":"wp","href":"https:\/\/api.w.org\/{rel}","templated":true}]}}