{"id":8281,"date":"2015-03-12T10:21:28","date_gmt":"2015-03-12T09:21:28","guid":{"rendered":"http:\/\/www.frankensicht.de\/?p=8281"},"modified":"2015-03-12T10:21:28","modified_gmt":"2015-03-12T09:21:28","slug":"37-millionen-euro-fuer-den-naturschutz","status":"publish","type":"post","link":"https:\/\/www.frankensicht.de\/?p=8281","title":{"rendered":"37 Millionen Euro f\u00fcr den Naturschutz"},"content":{"rendered":"<p><span style=\"color: #ff0000;\">M\u00fcnchen:<\/span><\/p>\n<p>Scharf: 37 Millionen Euro f\u00fcr den Naturschutz \/ Rekordbeteiligung f\u00fcr Artenvielfalt in Bayern<\/p>\n<p>Das Vertragsnaturschutzprogramm ist der Kern der Naturschutzf\u00f6rderung in Bayern. Das betonte die Bayerische Umweltministerin Ulrike Scharf zum Ende der Antragsfrist f\u00fcr das Jahr 2015. &#8222;Das Bayerische Vertragsnaturschutzprogramm ist die Premiummarke in der Zusammenarbeit zwischen Naturschutz und Landwirtschaft. In diesem Jahr werden mehr als 18.000 Landwirte bayernweit 82.000 Hektar nach strengen naturschutzfachlichen Vorgaben bewirtschaften. Das ist ein neuer Rekordwert f\u00fcr den Freistaat mit dem wir bundesweit in der Spitzengruppe liegen.&#8220; Das Umweltministerium hat die EU- und Landesmittel f\u00fcr den Vertragsnaturschutz im Vergleich zum Jahr 2014 deutlich erh\u00f6ht. Scharf: &#8222;Mit insgesamt 37 Millionen Euro erh\u00f6hen wir die Mittel f\u00fcr den Erhalt der Artenvielfalt und unserer heimischen Landschaft um rund ein Drittel. So lassen sich artenreiche Wiesen mit Orchideen, Enzian und vielen Schmetterlingen sichern und das Schutzgebietssystem Natura 2000 zusammen mit den Landwirten umsetzen. Das Vertragsnaturschutzprogramm steht damit f\u00fcr Verantwortungsbewusstsein der Landwirte f\u00fcr die Natur und gelebte Umsetzung der Bayerischen Biodiversit\u00e4tsstrategie.&#8220; Im Jahr 2014 hatten sich knapp 17.000 Landwirte mit 67.000 Hektar Fl\u00e4che am Vertragsnaturschutz beteiligt.<\/p>\n<p><a href=\"https:\/\/www.frankensicht.de\/?attachment_id=4513\" rel=\"attachment wp-att-4513\"><img loading=\"lazy\" decoding=\"async\" class=\"alignnone size-medium wp-image-4513\" src=\"https:\/\/www.frankensicht.de\/wp-content\/uploads\/2012\/10\/DSC00047-300x225.jpg\" alt=\"DSC00047\" width=\"300\" height=\"225\" srcset=\"https:\/\/www.frankensicht.de\/wp-content\/uploads\/2012\/10\/DSC00047-300x225.jpg 300w, https:\/\/www.frankensicht.de\/wp-content\/uploads\/2012\/10\/DSC00047.jpg 640w\" sizes=\"auto, (max-width: 300px) 100vw, 300px\" \/><\/a><\/p>\n<p>Das Vertragsnaturschutzprogramm umfasst Ma\u00dfnahmen auf \u00c4ckern, Wiesen, Weiden und f\u00fcr Teiche. Von den Almen und Alpen bis zu den Kalkscherben-\u00c4ckern im Grabfeld, von den Teichen in der Oberpfalz und im Aischgrund bis zu den Moorwiesen im Schw\u00e4bischen Donaumoos ber\u00fccksichtigen die teilnehmenden Landwirte bei der Bewirtschaftung ihrer Fl\u00e4chen die besonderen Anspr\u00fcche seltener Pflanzen und Tiere wie Moorbl\u00e4uling, Brachvogel und K\u00fcchenschelle. Beispielsweise werden die Mittenwalder Buckelwiesen mit der Sense gem\u00e4ht und auf D\u00fcngung wird vollst\u00e4ndig verzichtet. Im Altm\u00fchltal erhalten H\u00fctesch\u00e4fer die Wacholderheiden und damit den Lebensraum f\u00fcr Silberdistel, Knabenkraut und Enzian. Der Mehraufwand wird finanziell ausgeglichen.<\/p>\n<p>Dar\u00fcber hinaus bietet das Umweltministerium ein Vertragsnaturschutzprogramm Wald an. Die Antragstellung f\u00fcr Biotopb\u00e4ume, nutzungsfreie, uralte Laubw\u00e4lder und weitere Naturschutzma\u00dfnahmen im Wald ist noch bis 31. M\u00e4rz 2015 m\u00f6glich.<\/p>\n<p>Quelle:stmuv.bayern.de<\/p>\n","protected":false},"excerpt":{"rendered":"<p>M\u00fcnchen: Scharf: 37 Millionen Euro f\u00fcr den Naturschutz \/ Rekordbeteiligung f\u00fcr Artenvielfalt in Bayern Das Vertragsnaturschutzprogramm ist der Kern der Naturschutzf\u00f6rderung in Bayern. Das betonte die Bayerische Umweltministerin Ulrike Scharf zum Ende der Antragsfrist f\u00fcr das Jahr 2015. &#8222;Das Bayerische Vertragsnaturschutzprogramm ist die Premiummarke in der Zusammenarbeit zwischen Naturschutz und Landwirtschaft. In diesem Jahr werden [&hellip;]<\/p>\n","protected":false},"author":7,"featured_media":4842,"comment_status":"closed","ping_status":"open","sticky":false,"template":"","format":"standard","meta":{"footnotes":""},"categories":[78,71],"tags":[1284],"class_list":["post-8281","post","type-post","status-publish","format-standard","has-post-thumbnail","hentry","category-bayern","category-menue","tag-naturschutz"],"_links":{"self":[{"href":"https:\/\/www.frankensicht.de\/index.php?rest_route=\/wp\/v2\/posts\/8281","targetHints":{"allow":["GET"]}}],"collection":[{"href":"https:\/\/www.frankensicht.de\/index.php?rest_route=\/wp\/v2\/posts"}],"about":[{"href":"https:\/\/www.frankensicht.de\/index.php?rest_route=\/wp\/v2\/types\/post"}],"author":[{"embeddable":true,"href":"https:\/\/www.frankensicht.de\/index.php?rest_route=\/wp\/v2\/users\/7"}],"replies":[{"embeddable":true,"href":"https:\/\/www.frankensicht.de\/index.php?rest_route=%2Fwp%2Fv2%2Fcomments&post=8281"}],"version-history":[{"count":0,"href":"https:\/\/www.frankensicht.de\/index.php?rest_route=\/wp\/v2\/posts\/8281\/revisions"}],"wp:featuredmedia":[{"embeddable":true,"href":"https:\/\/www.frankensicht.de\/index.php?rest_route=\/wp\/v2\/media\/4842"}],"wp:attachment":[{"href":"https:\/\/www.frankensicht.de\/index.php?rest_route=%2Fwp%2Fv2%2Fmedia&parent=8281"}],"wp:term":[{"taxonomy":"category","embeddable":true,"href":"https:\/\/www.frankensicht.de\/index.php?rest_route=%2Fwp%2Fv2%2Fcategories&post=8281"},{"taxonomy":"post_tag","embeddable":true,"href":"https:\/\/www.frankensicht.de\/index.php?rest_route=%2Fwp%2Fv2%2Ftags&post=8281"}],"curies":[{"name":"wp","href":"https:\/\/api.w.org\/{rel}","templated":true}]}}