{"id":8273,"date":"2015-03-10T10:06:35","date_gmt":"2015-03-10T09:06:35","guid":{"rendered":"http:\/\/www.frankensicht.de\/?p=8273"},"modified":"2015-03-10T10:06:35","modified_gmt":"2015-03-10T09:06:35","slug":"bundesfrauenministerin-manuela-schwesig-spricht-vor-der-un-frauenrechtskommission-in-new-york","status":"publish","type":"post","link":"https:\/\/www.frankensicht.de\/?p=8273","title":{"rendered":"Bundesfrauenministerin Manuela Schwesig spricht vor der UN-Frauenrechtskommission in New York"},"content":{"rendered":"<p><span style=\"color: #ff0000;\">New York:<\/span><\/p>\n<p>Bundesfrauenministerin Manuela Schwesig spricht vor der UN-Frauenrechtskommission<br \/>\nin New York<br \/>\nBundesfrauenministerin Manuela Schwesig ist gestern, am Internationalen<br \/>\nFrauentag, in die USA gereist, um heute (Montag) an der Sitzung der 59.<br \/>\nFrauenrechtskommission der Vereinten Nationen in New York mit insgesamt 4.000<br \/>\nDelegierten von Regierungen sowie 6.000 Vertreterinnen und Vertreter von<br \/>\nNichtregierungsorganisationen teilzunehmen. Dort hat sie bei der Generaldebatte<br \/>\neine Rede zu Frauenrechten gehalten. Es ist der erste Besuch einer deutschen<br \/>\nFrauenministerin bei den Vereinten Nationen in New York seit acht Jahren.<\/p>\n<p><a href=\"https:\/\/www.frankensicht.de\/?attachment_id=7477\" rel=\"attachment wp-att-7477\"><img loading=\"lazy\" decoding=\"async\" class=\"alignnone size-medium wp-image-7477\" src=\"https:\/\/www.frankensicht.de\/wp-content\/uploads\/2014\/08\/P1020626-300x225.jpg\" alt=\"P1020626\" width=\"300\" height=\"225\" srcset=\"https:\/\/www.frankensicht.de\/wp-content\/uploads\/2014\/08\/P1020626-300x225.jpg 300w, https:\/\/www.frankensicht.de\/wp-content\/uploads\/2014\/08\/P1020626.jpg 640w\" sizes=\"auto, (max-width: 300px) 100vw, 300px\" \/><\/a><\/p>\n<p>In ihrer Rede erkl\u00e4rt Manuela Schwesig, warum es wichtig ist, international auf<br \/>\ndie Rechte von Frauen aufmerksam zu machen:<\/p>\n<p>&#8222;Kein einziges Land hat die Gleichberechtigung von Frauen vollst\u00e4ndig umgesetzt.<br \/>\nJeden Tag werden die Rechte von Frauen mit F\u00fc\u00dfen getreten. In jeder Stunde werden<br \/>\nFrauen und M\u00e4dchen get\u00f6tet, verletzt, gequ\u00e4lt und unterdr\u00fcckt. Das macht mich<br \/>\nw\u00fctend. Keine Religion der Welt rechtfertigt es, die Rechte von Frauen zu<br \/>\nmissachten. Wir m\u00fcssen diese Verbrechen stoppen. Wir m\u00fcssen die<br \/>\nLebenswirklichkeit von Frauen ver\u00e4ndern. \u00dcberall auf der Welt. Und dazu m\u00fcssen<br \/>\nFrauen teilhaben, dort, wo es um Macht, Geld und Einfluss geht.&#8220;<\/p>\n<p>20 Jahre nach der Weltfrauenkonferenz in Peking 1995 zieht die<br \/>\nFrauenrechtskommission der Vereinten Nationen Bilanz. Die Ministerinnen und<br \/>\nMinister der UN-Mitgliedstaaten haben eine politische Erkl\u00e4rung verabschiedet, in<br \/>\nder sich die Mitgliedstaaten verpflichten, die Beschl\u00fcsse von Peking aktiv<br \/>\numzusetzen und bestehende Herausforderungen anzugehen.<\/p>\n<p>Im Anschluss an ihrer Teilnahme bei der Frauenrechtskommission wird Manuela<br \/>\nSchwesig zu weiteren politischen Gespr\u00e4chen nach Washington D.C. reisen.<\/p>\n<p>Quelle:\u00a0BMFSFJ.bund.de<\/p>\n","protected":false},"excerpt":{"rendered":"<p>New York: Bundesfrauenministerin Manuela Schwesig spricht vor der UN-Frauenrechtskommission in New York Bundesfrauenministerin Manuela Schwesig ist gestern, am Internationalen Frauentag, in die USA gereist, um heute (Montag) an der Sitzung der 59. Frauenrechtskommission der Vereinten Nationen in New York mit insgesamt 4.000 Delegierten von Regierungen sowie 6.000 Vertreterinnen und Vertreter von Nichtregierungsorganisationen teilzunehmen. Dort hat [&hellip;]<\/p>\n","protected":false},"author":7,"featured_media":7477,"comment_status":"closed","ping_status":"open","sticky":false,"template":"","format":"standard","meta":{"footnotes":""},"categories":[3,30],"tags":[1720],"class_list":["post-8273","post","type-post","status-publish","format-standard","has-post-thumbnail","hentry","category-news","category-welt","tag-frauenrechtskommission"],"_links":{"self":[{"href":"https:\/\/www.frankensicht.de\/index.php?rest_route=\/wp\/v2\/posts\/8273","targetHints":{"allow":["GET"]}}],"collection":[{"href":"https:\/\/www.frankensicht.de\/index.php?rest_route=\/wp\/v2\/posts"}],"about":[{"href":"https:\/\/www.frankensicht.de\/index.php?rest_route=\/wp\/v2\/types\/post"}],"author":[{"embeddable":true,"href":"https:\/\/www.frankensicht.de\/index.php?rest_route=\/wp\/v2\/users\/7"}],"replies":[{"embeddable":true,"href":"https:\/\/www.frankensicht.de\/index.php?rest_route=%2Fwp%2Fv2%2Fcomments&post=8273"}],"version-history":[{"count":0,"href":"https:\/\/www.frankensicht.de\/index.php?rest_route=\/wp\/v2\/posts\/8273\/revisions"}],"wp:featuredmedia":[{"embeddable":true,"href":"https:\/\/www.frankensicht.de\/index.php?rest_route=\/wp\/v2\/media\/7477"}],"wp:attachment":[{"href":"https:\/\/www.frankensicht.de\/index.php?rest_route=%2Fwp%2Fv2%2Fmedia&parent=8273"}],"wp:term":[{"taxonomy":"category","embeddable":true,"href":"https:\/\/www.frankensicht.de\/index.php?rest_route=%2Fwp%2Fv2%2Fcategories&post=8273"},{"taxonomy":"post_tag","embeddable":true,"href":"https:\/\/www.frankensicht.de\/index.php?rest_route=%2Fwp%2Fv2%2Ftags&post=8273"}],"curies":[{"name":"wp","href":"https:\/\/api.w.org\/{rel}","templated":true}]}}