{"id":8264,"date":"2015-03-08T08:19:33","date_gmt":"2015-03-08T07:19:33","guid":{"rendered":"http:\/\/www.frankensicht.de\/?p=8264"},"modified":"2015-03-08T08:19:33","modified_gmt":"2015-03-08T07:19:33","slug":"strafbarkeit-der-sympathiewerbung-dringend-erforderlich","status":"publish","type":"post","link":"https:\/\/www.frankensicht.de\/?p=8264","title":{"rendered":"Strafbarkeit der Sympathiewerbung dringend erforderlich"},"content":{"rendered":"<p><span style=\"color: #ff0000;\">M\u00fcnchen &#8211; Berlin:<\/span><\/p>\n<p>Bayerns Justizminister Bausback fordert im Bundesrat konsequentere strafrechtliche Regelungen gegen den Terrorismus \/ Bausback: &#8222;Strafbarkeit der Sympathiewerbung dringend erforderlich! \/ Wirkliche Verbesserung der Bek\u00e4mpfung des internationalen Terrorismus nur mit Verkehrsdatenspeicherung m\u00f6glich!&#8220;<br \/>\nIn seiner heutigen Sitzung befasst sich der Bundesrat mit der von Bundesjustizminister Maas geplanten Reform des Terrorismusstrafrechts. Bayerns Justizminister Prof. Dr. Winfried Bausback dazu heute im Bundesrat: &#8222;Der Gesetzentwurf der Bundesregierung ist ein erster und wichtiger Schritt auf dem Weg zu einer besseren Bek\u00e4mpfung des weltweiten Terrorismus.&#8220;<\/p>\n<p><a href=\"https:\/\/www.frankensicht.de\/?attachment_id=7631\" rel=\"attachment wp-att-7631\"><img loading=\"lazy\" decoding=\"async\" class=\"alignnone size-medium wp-image-7631\" src=\"https:\/\/www.frankensicht.de\/wp-content\/uploads\/2014\/09\/deutschlandfahne-300x180.png\" alt=\"deutschlandfahne\" width=\"300\" height=\"180\" srcset=\"https:\/\/www.frankensicht.de\/wp-content\/uploads\/2014\/09\/deutschlandfahne-300x180.png 300w, https:\/\/www.frankensicht.de\/wp-content\/uploads\/2014\/09\/deutschlandfahne.png 1000w\" sizes=\"auto, (max-width: 300px) 100vw, 300px\" \/><\/a><\/p>\n<p>&#8222;Es ist aber schlichtweg nicht hinnehmbar, dass in Deutschland weiterhin grunds\u00e4tzlich straflos f\u00fcr die Ziele in- und ausl\u00e4ndischer Terrororganisationen und krimineller Vereinigungen geworben werden darf. So etwas bereitet doch erst den N\u00e4hrboden f\u00fcr terroristische Gewalt! Die Strafbarkeit der Sympathiewerbung ist daher dringend erforderlich!&#8220;, so Bausback weiter. &#8222;Hinzu kommt: Wenn Sympathiewerbung wieder strafbar ist, bekommen unsere Strafverfolgungsbeh\u00f6rden weitere Ermittlungsans\u00e4tze, um in terroristische Netzwerke eindringen zu k\u00f6nnen. Das ist ein ganz wichtiger Punkt!&#8220;<\/p>\n<p>Bausback betonte dar\u00fcber hinaus die zentrale Bedeutung der Verkehrsdatenspeicherung: &#8222;Wer die strafrechtlichen Mittel zur Bek\u00e4mpfung von Terrorismus wirklich verbessern will, kommt an der Einf\u00fchrung der Verkehrsdatenspeicherung nicht vorbei! Wir k\u00f6nnen nicht auf der einen Seite neue Straftatbest\u00e4nde einf\u00fchren und gleichzeitig unseren Staatsanw\u00e4lten bei der Ermittlung der Taten die Augen verbinden.&#8220; Genau das sei aber mit dem Wegfall der Verkehrsdatenspeicherung in gewisser Weise passiert. &#8222;Es ist doch gar keine Frage: Wer Terrornetzwerke aufkl\u00e4ren will, um T\u00e4ter zu bestrafen und weitere Taten zu verhindern, muss die M\u00f6glichkeit haben, auf der Grundlage eines richterlichen Beschlusses in Erfahrung zu bringen, mit wem sie kommuniziert haben&#8220;, so der Minister. &#8222;Was wir jetzt brauchen, ist eine ernsthafte und konstruktive Debatte \u00fcber das &#8222;Wie&#8220; der Verkehrsdatenspeicherung! Lassen Sie uns endlich \u00fcber eine verfassungs- und rechtsstaatskonforme Ausgestaltung mit Augenma\u00df reden! Das sind wir unseren B\u00fcrgerinnen und B\u00fcrgern schuldig!&#8220;<\/p>\n<p>Quelle: stmj.bayer.de<\/p>\n","protected":false},"excerpt":{"rendered":"<p>M\u00fcnchen &#8211; Berlin: Bayerns Justizminister Bausback fordert im Bundesrat konsequentere strafrechtliche Regelungen gegen den Terrorismus \/ Bausback: &#8222;Strafbarkeit der Sympathiewerbung dringend erforderlich! \/ Wirkliche Verbesserung der Bek\u00e4mpfung des internationalen Terrorismus nur mit Verkehrsdatenspeicherung m\u00f6glich!&#8220; In seiner heutigen Sitzung befasst sich der Bundesrat mit der von Bundesjustizminister Maas geplanten Reform des Terrorismusstrafrechts. Bayerns Justizminister Prof. Dr. [&hellip;]<\/p>\n","protected":false},"author":7,"featured_media":7631,"comment_status":"closed","ping_status":"open","sticky":false,"template":"","format":"standard","meta":{"footnotes":""},"categories":[78,71],"tags":[1718],"class_list":["post-8264","post","type-post","status-publish","format-standard","has-post-thumbnail","hentry","category-bayern","category-menue","tag-terrorismus-gesetze"],"_links":{"self":[{"href":"https:\/\/www.frankensicht.de\/index.php?rest_route=\/wp\/v2\/posts\/8264","targetHints":{"allow":["GET"]}}],"collection":[{"href":"https:\/\/www.frankensicht.de\/index.php?rest_route=\/wp\/v2\/posts"}],"about":[{"href":"https:\/\/www.frankensicht.de\/index.php?rest_route=\/wp\/v2\/types\/post"}],"author":[{"embeddable":true,"href":"https:\/\/www.frankensicht.de\/index.php?rest_route=\/wp\/v2\/users\/7"}],"replies":[{"embeddable":true,"href":"https:\/\/www.frankensicht.de\/index.php?rest_route=%2Fwp%2Fv2%2Fcomments&post=8264"}],"version-history":[{"count":0,"href":"https:\/\/www.frankensicht.de\/index.php?rest_route=\/wp\/v2\/posts\/8264\/revisions"}],"wp:featuredmedia":[{"embeddable":true,"href":"https:\/\/www.frankensicht.de\/index.php?rest_route=\/wp\/v2\/media\/7631"}],"wp:attachment":[{"href":"https:\/\/www.frankensicht.de\/index.php?rest_route=%2Fwp%2Fv2%2Fmedia&parent=8264"}],"wp:term":[{"taxonomy":"category","embeddable":true,"href":"https:\/\/www.frankensicht.de\/index.php?rest_route=%2Fwp%2Fv2%2Fcategories&post=8264"},{"taxonomy":"post_tag","embeddable":true,"href":"https:\/\/www.frankensicht.de\/index.php?rest_route=%2Fwp%2Fv2%2Ftags&post=8264"}],"curies":[{"name":"wp","href":"https:\/\/api.w.org\/{rel}","templated":true}]}}