{"id":8252,"date":"2015-03-05T08:55:54","date_gmt":"2015-03-05T07:55:54","guid":{"rendered":"http:\/\/www.frankensicht.de\/?p=8252"},"modified":"2015-03-05T08:55:54","modified_gmt":"2015-03-05T07:55:54","slug":"behoerdenverlagerungen-ergaenzen-hochschulinitiativen-und-leuchtturmprojekte-in-unterfranken","status":"publish","type":"post","link":"https:\/\/www.frankensicht.de\/?p=8252","title":{"rendered":"Beh\u00f6rdenverlagerungen erg\u00e4nzen Hochschulinitiativen und Leuchtturmprojekte in Unterfranken"},"content":{"rendered":"<p><span style=\"color: #ff0000;\">Bad-Kissingen:<\/span><\/p>\n<p>Beh\u00f6rdenverlagerungen erg\u00e4nzen Hochschulinitiativen und Leuchtturmprojekte in Unterfranken \u2013 Innenstaatssekret\u00e4r Gerhard Eck, Justizminister Winfried Bausback und Landtagspr\u00e4sidentin Barbara Stamm sehen erhebli-che St\u00e4rkung der Infrastruktur des l\u00e4ndlichen Raumes in Unterfranken<br \/>\n+++ 346 Beamte und Tarifbesch\u00e4ftigte mehr werden nach dem Abschluss der heute von Bayerns Heimatminister Dr. Markus S\u00f6der vorgestellten Beh\u00f6rdenverlagerungen in der Region Unterfranken arbeiten. F\u00fcr Bayerns Innenstaatssekret\u00e4r Gerhard Eck, Justizminister Winfried Bausback und Landtagspr\u00e4sidentin Barbara Stamm bedeutet das einen kr\u00e4ftigen Schub f\u00fcr die Region und die ideale Erg\u00e4nzung zu den Ma\u00dfnahmen im Rahmen der Nordbayern Initiative. +++<\/p>\n<p><a href=\"https:\/\/www.frankensicht.de\/?attachment_id=189\" rel=\"attachment wp-att-189\"><img loading=\"lazy\" decoding=\"async\" class=\"alignnone size-full wp-image-189\" src=\"https:\/\/www.frankensicht.de\/wp-content\/uploads\/wappen.png\" alt=\"wappen\" width=\"220\" height=\"254\" \/><\/a><\/p>\n<p>So werden k\u00fcnftig 100 Besch\u00e4ftigte im nach Bad Kissingen verlagerten Haus f\u00fcr Gesundheitsmanagement vom Landesamt f\u00fcr Gesundheit und Lebensmittelsicherheit t\u00e4tig sein. Im Landkreis Rh\u00f6n-Grabfeld darf man sich k\u00fcnftig \u00fcber 70 neue Arbeitspl\u00e4tze freuen. Dickster Brocken ist dabei der Ausbau des Finanzamtes in Bad Neustadt an der Saale mit 50 Besch\u00e4ftigten. Im Landkreis Ha\u00dfberge werden 100 Besch\u00e4ftigte von der Landesbaudirektion aus der Autobahndirektion Nord von N\u00fcrnberg nach Ebern verlagert. Im Landkreis Miltenberg schl\u00e4gt der Ausbau des Finanzamtes mit 30 zus\u00e4tzlichen Besch\u00e4ftigten zu Buche. Im Landkreis Main-Spessart entstehen 29 zus\u00e4tzliche Arbeitspl\u00e4tze, von besonderer Bedeutung ist dabei die Ansiedlung des Krebsregisters Bayern. Der Landkreis Kitzingen erh\u00e4lt 17 zus\u00e4tzliche Besch\u00e4ftigte f\u00fcr das Staatsarchiv W\u00fcrzburg.<\/p>\n<p>Innenstaatssekret\u00e4r Eck betonte, dass die Beh\u00f6rdenverlagerung ein zentrales Instrument aktiver Strukturpolitik sei, die sichere Arbeitspl\u00e4tze schaffe, der Wirtschaft als Vorbild diene und die Infrastruktur des l\u00e4ndlichen Raumes st\u00e4rke. Bayerns Justizminister Winfried Bausback erg\u00e4nzte, diese Regionalisierung staatlicher Beh\u00f6rden sei ein wichtiger Schritt f\u00fcr den l\u00e4ndlichen Raum. &#8222;Sie tr\u00e4gt nachhaltig dazu bei, gleichwertige Lebens- und Arbeitsbedingungen in Bayern zu sichern&#8220;, so Bausback. &#8222;346 neue Arbeitspl\u00e4tze f\u00fcr Unterfranken &amp;ndash; das ist f\u00fcr die Region ein starkes Signal!&#8220;<\/p>\n<p>Landtagspr\u00e4sidentin Barbara Stamm wies darauf hin, dass die Beh\u00f6rdenverlagerung die im vergangenen Jahr beschlossene Nordbayern-Initiative im Rahmen der Heimatstrategie ideal erg\u00e4nzt. Die Nordbayern-Initiative b\u00fcndelt 56 Projekte in Oberfranken, Mittelfranken und Unterfranken. Stamm: &#8222;Projekte von herausragender regionaler Bedeutung, die Wirtschaft und Wissenschaft nachhaltig st\u00e4rken und so einen kr\u00e4ftigen Impuls f\u00fcr Nordbayern setzen. Besonders freut mich, dass das Thema Gesundheit in Unterfranken einen so hohen Stellenwert einger\u00e4umt bekommt.&#8220; Die Initiative hat in W\u00fcrzburg, Aschaffenburg und in Schweinfurt vor allem im Bereich der Bildung und Hochschulen Projekte von herausragender und \u00fcberregionaler Bedeutung angeschoben &#8211; wie zum Beispiel den sogenannten I-Campus in Schweinfurt. Insgesamt wurden in Nordbayern knapp 600 Millionen Euro bis zum Jahr 2018 dadurch investiert.<\/p>\n<p>Quelle:stmj.bayern.de<\/p>\n","protected":false},"excerpt":{"rendered":"<p>Bad-Kissingen: Beh\u00f6rdenverlagerungen erg\u00e4nzen Hochschulinitiativen und Leuchtturmprojekte in Unterfranken \u2013 Innenstaatssekret\u00e4r Gerhard Eck, Justizminister Winfried Bausback und Landtagspr\u00e4sidentin Barbara Stamm sehen erhebli-che St\u00e4rkung der Infrastruktur des l\u00e4ndlichen Raumes in Unterfranken +++ 346 Beamte und Tarifbesch\u00e4ftigte mehr werden nach dem Abschluss der heute von Bayerns Heimatminister Dr. Markus S\u00f6der vorgestellten Beh\u00f6rdenverlagerungen in der Region Unterfranken arbeiten. F\u00fcr [&hellip;]<\/p>\n","protected":false},"author":7,"featured_media":189,"comment_status":"closed","ping_status":"open","sticky":false,"template":"","format":"standard","meta":{"footnotes":""},"categories":[105,71,84],"tags":[1716],"class_list":["post-8252","post","type-post","status-publish","format-standard","has-post-thumbnail","hentry","category-bad-kissingen-unterfranken","category-menue","category-unterfranken","tag-behoerdenverlagerungen"],"_links":{"self":[{"href":"https:\/\/www.frankensicht.de\/index.php?rest_route=\/wp\/v2\/posts\/8252","targetHints":{"allow":["GET"]}}],"collection":[{"href":"https:\/\/www.frankensicht.de\/index.php?rest_route=\/wp\/v2\/posts"}],"about":[{"href":"https:\/\/www.frankensicht.de\/index.php?rest_route=\/wp\/v2\/types\/post"}],"author":[{"embeddable":true,"href":"https:\/\/www.frankensicht.de\/index.php?rest_route=\/wp\/v2\/users\/7"}],"replies":[{"embeddable":true,"href":"https:\/\/www.frankensicht.de\/index.php?rest_route=%2Fwp%2Fv2%2Fcomments&post=8252"}],"version-history":[{"count":0,"href":"https:\/\/www.frankensicht.de\/index.php?rest_route=\/wp\/v2\/posts\/8252\/revisions"}],"wp:featuredmedia":[{"embeddable":true,"href":"https:\/\/www.frankensicht.de\/index.php?rest_route=\/wp\/v2\/media\/189"}],"wp:attachment":[{"href":"https:\/\/www.frankensicht.de\/index.php?rest_route=%2Fwp%2Fv2%2Fmedia&parent=8252"}],"wp:term":[{"taxonomy":"category","embeddable":true,"href":"https:\/\/www.frankensicht.de\/index.php?rest_route=%2Fwp%2Fv2%2Fcategories&post=8252"},{"taxonomy":"post_tag","embeddable":true,"href":"https:\/\/www.frankensicht.de\/index.php?rest_route=%2Fwp%2Fv2%2Ftags&post=8252"}],"curies":[{"name":"wp","href":"https:\/\/api.w.org\/{rel}","templated":true}]}}