{"id":825,"date":"2012-04-17T15:34:37","date_gmt":"2012-04-17T13:34:37","guid":{"rendered":"http:\/\/www.frankensicht.de\/?p=825"},"modified":"2012-04-17T15:34:37","modified_gmt":"2012-04-17T13:34:37","slug":"ob-eroffnet-%e2%80%9eblick-dahinter-im-rathaus","status":"publish","type":"post","link":"https:\/\/www.frankensicht.de\/?p=825","title":{"rendered":"OB er\u00f6ffnet \u201eBlick dahinter\u201c im Rathaus"},"content":{"rendered":"<p><span style=\"color: #ff0000;\">Erlangen:\u00a0<\/span><\/p>\n<p>OB er\u00f6ffnet \u201eBlick dahinter\u201c im Rathaus<br \/>\nDie Wanderausstellung des Bayerischen Sozialministeriums \u201eBlick dahinter \u2013 H\u00e4usliche Gewalt gegen Frauen\u201c ist von Donnerstag, 19. April, bis Donnerstag, 26. April, im Foyer des Rathauses zu sehen. Oberb\u00fcrgermeister Siegfried Balleis er\u00f6ffnet die Ausstellung, die vom Erlanger Arbeitskreis gegen M\u00e4nnergewalt an Frauen und Kindern in die Hugenottenstadt geholt wurde, um 17:00 Uhr. AK-Mitglieder sind von Montag bis Freitag von 10:00 bis 13:00 Uhr und Montag bis Mittwoch von 14:00 bis 16:00 Uhr vor Ort, um Fragen zu beantworten.<\/p>\n<p>Quelle: \u00a0stadt.erlangen.de<\/p>\n","protected":false},"excerpt":{"rendered":"<p>Erlangen:\u00a0 OB er\u00f6ffnet \u201eBlick dahinter\u201c im Rathaus Die Wanderausstellung des Bayerischen Sozialministeriums \u201eBlick dahinter \u2013 H\u00e4usliche Gewalt gegen Frauen\u201c ist von Donnerstag, 19. April, bis Donnerstag, 26. April, im Foyer des Rathauses zu sehen. Oberb\u00fcrgermeister Siegfried Balleis er\u00f6ffnet die Ausstellung, die vom Erlanger Arbeitskreis gegen M\u00e4nnergewalt an Frauen und Kindern in die Hugenottenstadt geholt wurde, [&hellip;]<\/p>\n","protected":false},"author":7,"featured_media":0,"comment_status":"open","ping_status":"open","sticky":false,"template":"","format":"standard","meta":{"footnotes":""},"categories":[111,85],"tags":[220],"class_list":["post-825","post","type-post","status-publish","format-standard","hentry","category-erlangen-mittelfranken","category-mittelfranken","tag-rathaus"],"_links":{"self":[{"href":"https:\/\/www.frankensicht.de\/index.php?rest_route=\/wp\/v2\/posts\/825","targetHints":{"allow":["GET"]}}],"collection":[{"href":"https:\/\/www.frankensicht.de\/index.php?rest_route=\/wp\/v2\/posts"}],"about":[{"href":"https:\/\/www.frankensicht.de\/index.php?rest_route=\/wp\/v2\/types\/post"}],"author":[{"embeddable":true,"href":"https:\/\/www.frankensicht.de\/index.php?rest_route=\/wp\/v2\/users\/7"}],"replies":[{"embeddable":true,"href":"https:\/\/www.frankensicht.de\/index.php?rest_route=%2Fwp%2Fv2%2Fcomments&post=825"}],"version-history":[{"count":0,"href":"https:\/\/www.frankensicht.de\/index.php?rest_route=\/wp\/v2\/posts\/825\/revisions"}],"wp:attachment":[{"href":"https:\/\/www.frankensicht.de\/index.php?rest_route=%2Fwp%2Fv2%2Fmedia&parent=825"}],"wp:term":[{"taxonomy":"category","embeddable":true,"href":"https:\/\/www.frankensicht.de\/index.php?rest_route=%2Fwp%2Fv2%2Fcategories&post=825"},{"taxonomy":"post_tag","embeddable":true,"href":"https:\/\/www.frankensicht.de\/index.php?rest_route=%2Fwp%2Fv2%2Ftags&post=825"}],"curies":[{"name":"wp","href":"https:\/\/api.w.org\/{rel}","templated":true}]}}