{"id":8237,"date":"2015-03-01T08:46:30","date_gmt":"2015-03-01T07:46:30","guid":{"rendered":"http:\/\/www.frankensicht.de\/?p=8237"},"modified":"2015-03-01T08:46:30","modified_gmt":"2015-03-01T07:46:30","slug":"fuerth-prickelt-vier-tage-lang","status":"publish","type":"post","link":"https:\/\/www.frankensicht.de\/?p=8237","title":{"rendered":"F\u00fcrth prickelt vier Tage lang"},"content":{"rendered":"<p><span style=\"color: #ff0000;\">F\u00fcrth:<\/span><\/p>\n<p>F\u00fcrth prickelt vier Tage lang<br \/>\nSchon mal vormerken: Ran an die T\u00fcte und rein in die Stadt: Von Donnerstag, 12. M\u00e4rz, 9 Uhr, bis Sonntag, 15. M\u00e4rz, 18 Uhr, dreht sich anl\u00e4sslich der der Er\u00f6ffnung der Neuen Mitte F\u00fcrth und des Hornschuchcenters.<\/p>\n<p>Vom Gr\u00fcnen Markt bis hinter die Kleine Freiheit alles ums Schauen, Genie\u00dfen und den gepflegten Einkauf. Die F\u00fcrther Einzelh\u00e4ndlerinnen und Einzelh\u00e4ndler haben sich gemeinsam mit den \u201eNeuzug\u00e4ngen\u201c sowie der Stadt ein rundherum prickelndes Programm einfallen lassen, das 2015 kostenlosen Bl\u00fctenbomben \u00fcber Musik, attraktiven Er\u00f6ffnungsangeboten, vielen Aktionen und kleinen Geschenken bis hin zu gr\u00fcnleuchtenden Prickel-Stationen reicht, die den Weg quer durch die Innenstadt begleiten.<\/p>\n<p>Unter dem Motto \u201e Die Sch\u00e4tze der Altstadt\u201c laden die engagierten H\u00e4ndlerinnen und H\u00e4ndler rund um den Gr\u00fcnen Markt, die K\u00f6nig- und Gustavstra\u00dfe sowie den Waagplatz und das Rathaus f\u00fcr den verkaufsoffenen Sonntag, 15. M\u00e4rz, von 13 bis 18 Uhr zu abwechslungsreichen und spannenden Aktionen ein. Ob Papierfalten oder Tipps zur richtigen Schuhpflege, ob Portrait-zeichnen oder Scones mit Marmelade, ob Puppentheater oder Gewinnspiel, ob Henna-Tattoos oder Popcorn f\u00fcr einen guten Zweck \u2013 die L\u00e4den und Gesch\u00e4fte im alten F\u00fcrth \u00fcberraschen mit ihren vielen Sch\u00e4tzen.<\/p>\n<p>Dazu kommen der bunte Fr\u00fchlingsmarkt auf der F\u00fcrther Freiheit ab Donnerstag, 12. M\u00e4rz, 17 Uhr, und 16 Food-Trucks mit internationalen Spezialit\u00e4ten am Samstag, 14. M\u00e4rz, entlang der Dr. Konrad-Adenauer-Anlage.<\/p>\n<p><a href=\"https:\/\/www.frankensicht.de\/?attachment_id=6653\" rel=\"attachment wp-att-6653\"><img loading=\"lazy\" decoding=\"async\" class=\"alignnone size-medium wp-image-6653\" src=\"https:\/\/www.frankensicht.de\/wp-content\/uploads\/2014\/01\/Fuerth-300x231.jpg\" alt=\"Fuerth\" width=\"300\" height=\"231\" srcset=\"https:\/\/www.frankensicht.de\/wp-content\/uploads\/2014\/01\/Fuerth-300x231.jpg 300w, https:\/\/www.frankensicht.de\/wp-content\/uploads\/2014\/01\/Fuerth.jpg 930w\" sizes=\"auto, (max-width: 300px) 100vw, 300px\" \/><\/a><\/p>\n<p>Quelle: fuerth.de<\/p>\n","protected":false},"excerpt":{"rendered":"<p>F\u00fcrth: F\u00fcrth prickelt vier Tage lang Schon mal vormerken: Ran an die T\u00fcte und rein in die Stadt: Von Donnerstag, 12. M\u00e4rz, 9 Uhr, bis Sonntag, 15. M\u00e4rz, 18 Uhr, dreht sich anl\u00e4sslich der der Er\u00f6ffnung der Neuen Mitte F\u00fcrth und des Hornschuchcenters. Vom Gr\u00fcnen Markt bis hinter die Kleine Freiheit alles ums Schauen, Genie\u00dfen [&hellip;]<\/p>\n","protected":false},"author":7,"featured_media":6653,"comment_status":"closed","ping_status":"open","sticky":false,"template":"","format":"standard","meta":{"footnotes":""},"categories":[110,71,85],"tags":[1712],"class_list":["post-8237","post","type-post","status-publish","format-standard","has-post-thumbnail","hentry","category-furth-mittelfranken","category-menue","category-mittelfranken","tag-fuerth-prickelt"],"_links":{"self":[{"href":"https:\/\/www.frankensicht.de\/index.php?rest_route=\/wp\/v2\/posts\/8237","targetHints":{"allow":["GET"]}}],"collection":[{"href":"https:\/\/www.frankensicht.de\/index.php?rest_route=\/wp\/v2\/posts"}],"about":[{"href":"https:\/\/www.frankensicht.de\/index.php?rest_route=\/wp\/v2\/types\/post"}],"author":[{"embeddable":true,"href":"https:\/\/www.frankensicht.de\/index.php?rest_route=\/wp\/v2\/users\/7"}],"replies":[{"embeddable":true,"href":"https:\/\/www.frankensicht.de\/index.php?rest_route=%2Fwp%2Fv2%2Fcomments&post=8237"}],"version-history":[{"count":0,"href":"https:\/\/www.frankensicht.de\/index.php?rest_route=\/wp\/v2\/posts\/8237\/revisions"}],"wp:featuredmedia":[{"embeddable":true,"href":"https:\/\/www.frankensicht.de\/index.php?rest_route=\/wp\/v2\/media\/6653"}],"wp:attachment":[{"href":"https:\/\/www.frankensicht.de\/index.php?rest_route=%2Fwp%2Fv2%2Fmedia&parent=8237"}],"wp:term":[{"taxonomy":"category","embeddable":true,"href":"https:\/\/www.frankensicht.de\/index.php?rest_route=%2Fwp%2Fv2%2Fcategories&post=8237"},{"taxonomy":"post_tag","embeddable":true,"href":"https:\/\/www.frankensicht.de\/index.php?rest_route=%2Fwp%2Fv2%2Ftags&post=8237"}],"curies":[{"name":"wp","href":"https:\/\/api.w.org\/{rel}","templated":true}]}}