{"id":8233,"date":"2015-02-27T11:01:12","date_gmt":"2015-02-27T10:01:12","guid":{"rendered":"http:\/\/www.frankensicht.de\/?p=8233"},"modified":"2015-02-27T11:01:12","modified_gmt":"2015-02-27T10:01:12","slug":"bayerns-gesundheitsministerium-unterstuetzt-regionale-strukturen-zur-gesundheitsversorgung-und-foerderung","status":"publish","type":"post","link":"https:\/\/www.frankensicht.de\/?p=8233","title":{"rendered":"Bayerns Gesundheitsministerium unterst\u00fctzt regionale Strukturen zur Gesundheitsversorgung und -f\u00f6rderung"},"content":{"rendered":"<p><span style=\"color: #ff0000;\">Bamberg:<\/span><\/p>\n<p>Huml \u00fcbergibt F\u00f6rderbescheid f\u00fcr &#8222;Gesundheitsregion plus Bamberg&#8220; &#8211; Bayerns Gesundheitsministerium unterst\u00fctzt regionale Strukturen zur Gesundheitsversorgung und -f\u00f6rderung<\/p>\n<p>Die Stadt und der Landkreis Bamberg werden eine &#8222;Gesundheitsregion plus&#8220;. Bayerns Gesundheitsministerin Melanie Huml \u00fcbergab am Freitag in Bamberg den entsprechenden F\u00f6rderbescheid. Huml betonte: &#8222;Ziel des neuen Programms ist es, die Zusammenarbeit in Gesundheitsfragen in den verschiedenen Regionen in Bayern zu st\u00e4rken. So wollen wir die Gesundheitsvorsorge und die medizinische Versorgung der Menschen weiter verbessern. Au\u00dferdem sollen bestehende Initiativen vor Ort enger vernetzt werden.&#8220;<\/p>\n<p>Die Ministerin f\u00fcgte hinzu: &#8222;Meine Heimatstadt und der Landkreis Bamberg sind im Gesundheitsbereich seit Jahren besonders engagiert. Ich freue mich deshalb sehr, jetzt den F\u00f6rderbescheid zur &#8218;Gesundheitsregion plus&#8216; \u00fcberreichen zu k\u00f6nnen.&#8220;<\/p>\n<p>Bamberg hat bereits an den vom Gesundheitsministerium gef\u00f6rderten Netzwerken &#8222;Gesundheitsregionen&#8220;, &#8222;Regionale Gesundheitskonferenz&#8220; und &#8222;Gesunder Landkreis&#8220; mitgewirkt. Huml unterstrich: &#8222;Die Region Bamberg hat sich als einzige im Freistaat an allen drei bisherigen Programmen beteiligt. Die bestehenden Ans\u00e4tze haben wir nun zu den &#8218;Gesundheitsregionen plus&#8216; zusammengef\u00fchrt und weiterentwickelt. Dadurch sollen vorhandene Strukturen gest\u00e4rkt, Synergieeffekte generiert und Doppelstrukturen vermieden werden.&#8220;<\/p>\n<p><a href=\"https:\/\/www.frankensicht.de\/?attachment_id=8235\" rel=\"attachment wp-att-8235\"><img loading=\"lazy\" decoding=\"async\" class=\"alignnone size-medium wp-image-8235\" src=\"https:\/\/www.frankensicht.de\/wp-content\/uploads\/2015\/02\/bamberg34-300x225.jpg\" alt=\"bamberg34\" width=\"300\" height=\"225\" srcset=\"https:\/\/www.frankensicht.de\/wp-content\/uploads\/2015\/02\/bamberg34-300x225.jpg 300w, https:\/\/www.frankensicht.de\/wp-content\/uploads\/2015\/02\/bamberg34.jpg 640w\" sizes=\"auto, (max-width: 300px) 100vw, 300px\" \/><\/a><\/p>\n<p>Huml betonte: &#8222;Oberstes Ziel der bayerischen Gesundheitspolitik ist es, eine hochwertige und wohnortnahe medizinische Versorgung in ganz Bayern zu erhalten. Gleichzeitig m\u00f6chte ich Gesundheitsf\u00f6rderung und Pr\u00e4vention noch st\u00e4rker in den Alltag der Menschen integrieren. Denn am besten ist es, erst gar nicht krank zu werden. Eine besonders wichtige Rolle spielen dabei regionale L\u00f6sungen. Denn die konkreten Herausforderungen und die Entwicklung passgenauer L\u00f6sungen k\u00f6nnen besser von den lokalen Akteuren vor Ort beurteilt und umgesetzt werden.&#8220;<\/p>\n<p>Das Bayerische Gesundheitsministerium f\u00f6rdert Landkreise und kreisfreie St\u00e4dte, die &#8222;Gesundheitsregionen plus&#8220; bilden, bis Ende 2019 mit bis zu 250.000 Euro je Gesundheitsregion. Das seit Anfang 2015 bestehende F\u00f6rderprogramm ist insgesamt auf gro\u00dfes Interesse gesto\u00dfen. Mit Bamberg sind bereits sieben Regionen in das Programm aufgenommen worden. Weitere Regionen werden schon bald folgen.<\/p>\n<p>Ein vom jeweiligen Landrat oder Oberb\u00fcrgermeister geleitetes Gesundheitsforum \u00fcbernimmt Planung und Steuerung der &#8222;Gesundheitsregion plus&#8220;. Die Organisation und Koordination innerhalb sowie zwischen den &#8222;Gesundheitsregionen plus&#8220; \u00fcbernimmt dann eine daf\u00fcr eingerichtete Gesch\u00e4ftsstelle. Daneben sollen sich Arbeitsgruppen vertieft mit den vor Ort dr\u00e4ngenden Fragen zu Gesundheitsf\u00f6rderung, Pr\u00e4vention und Gesundheitsversorgung befassen.<\/p>\n<p>Weitere Informationen zur F\u00f6rderung finden Sie im Internet unter: http:\/\/www.stmgp.bayern.de\/wirtschaft\/gesundheitsregionen\/.<\/p>\n<p>Quelle: stmgp.bayern.de<\/p>\n","protected":false},"excerpt":{"rendered":"<p>Bamberg: Huml \u00fcbergibt F\u00f6rderbescheid f\u00fcr &#8222;Gesundheitsregion plus Bamberg&#8220; &#8211; Bayerns Gesundheitsministerium unterst\u00fctzt regionale Strukturen zur Gesundheitsversorgung und -f\u00f6rderung Die Stadt und der Landkreis Bamberg werden eine &#8222;Gesundheitsregion plus&#8220;. Bayerns Gesundheitsministerin Melanie Huml \u00fcbergab am Freitag in Bamberg den entsprechenden F\u00f6rderbescheid. Huml betonte: &#8222;Ziel des neuen Programms ist es, die Zusammenarbeit in Gesundheitsfragen in den verschiedenen [&hellip;]<\/p>\n","protected":false},"author":7,"featured_media":8235,"comment_status":"closed","ping_status":"open","sticky":false,"template":"","format":"standard","meta":{"footnotes":""},"categories":[91,71,83],"tags":[1711],"class_list":["post-8233","post","type-post","status-publish","format-standard","has-post-thumbnail","hentry","category-bamberg-oberfranken","category-menue","category-oberfranken","tag-gesundheitsregion-plus"],"_links":{"self":[{"href":"https:\/\/www.frankensicht.de\/index.php?rest_route=\/wp\/v2\/posts\/8233","targetHints":{"allow":["GET"]}}],"collection":[{"href":"https:\/\/www.frankensicht.de\/index.php?rest_route=\/wp\/v2\/posts"}],"about":[{"href":"https:\/\/www.frankensicht.de\/index.php?rest_route=\/wp\/v2\/types\/post"}],"author":[{"embeddable":true,"href":"https:\/\/www.frankensicht.de\/index.php?rest_route=\/wp\/v2\/users\/7"}],"replies":[{"embeddable":true,"href":"https:\/\/www.frankensicht.de\/index.php?rest_route=%2Fwp%2Fv2%2Fcomments&post=8233"}],"version-history":[{"count":0,"href":"https:\/\/www.frankensicht.de\/index.php?rest_route=\/wp\/v2\/posts\/8233\/revisions"}],"wp:featuredmedia":[{"embeddable":true,"href":"https:\/\/www.frankensicht.de\/index.php?rest_route=\/wp\/v2\/media\/8235"}],"wp:attachment":[{"href":"https:\/\/www.frankensicht.de\/index.php?rest_route=%2Fwp%2Fv2%2Fmedia&parent=8233"}],"wp:term":[{"taxonomy":"category","embeddable":true,"href":"https:\/\/www.frankensicht.de\/index.php?rest_route=%2Fwp%2Fv2%2Fcategories&post=8233"},{"taxonomy":"post_tag","embeddable":true,"href":"https:\/\/www.frankensicht.de\/index.php?rest_route=%2Fwp%2Fv2%2Ftags&post=8233"}],"curies":[{"name":"wp","href":"https:\/\/api.w.org\/{rel}","templated":true}]}}