{"id":8223,"date":"2015-02-26T12:41:16","date_gmt":"2015-02-26T11:41:16","guid":{"rendered":"http:\/\/www.frankensicht.de\/?p=8223"},"modified":"2015-02-26T12:41:16","modified_gmt":"2015-02-26T11:41:16","slug":"bayerns-wirtschaftsministerin-aigner-zu-den-arbeitsmarktzahlen-der-bundesagentur-fuer-arbeit-fuer-februar-2015","status":"publish","type":"post","link":"https:\/\/www.frankensicht.de\/?p=8223","title":{"rendered":"Bayerns Wirtschaftsministerin Aigner zu den Arbeitsmarktzahlen der Bundesagentur f\u00fcr Arbeit f\u00fcr Februar 2015"},"content":{"rendered":"<p>M\u00fcnchen:<\/p>\n<p>Bayerns Wirtschaftsministerin Aigner zu den Arbeitsmarktzahlen der Bundesagentur f\u00fcr Arbeit f\u00fcr Februar 2015<\/p>\n<p>Aigner: \u201eJob-Chancen in Bayern so gut wie lange nicht\u201c<br \/>\nDie landesweite Arbeitslosenquote lag im Februar 2015 bei 4,2 Prozent und ist damit gegen\u00fcber dem Vormonat um 0,1 Prozentpunkte gefallen. Bayerns Wirtschaftsministerin Ilse Aigner: Die Job-Chancen im Freistaat sind aktuell so gut wie schon lange nicht mehr. Trotz Schnee und K\u00e4lte ist der sonst im Februar \u00fcbliche Anstieg der Arbeitslosigkeit ausgeblieben.<\/p>\n<p><a href=\"https:\/\/www.frankensicht.de\/?attachment_id=1513\" rel=\"attachment wp-att-1513\"><img loading=\"lazy\" decoding=\"async\" class=\"alignnone size-medium wp-image-1513\" src=\"https:\/\/www.frankensicht.de\/wp-content\/uploads\/2012\/05\/statistik-300x223.jpg\" alt=\"statistik\" width=\"300\" height=\"223\" srcset=\"https:\/\/www.frankensicht.de\/wp-content\/uploads\/2012\/05\/statistik-300x223.jpg 300w, https:\/\/www.frankensicht.de\/wp-content\/uploads\/2012\/05\/statistik.jpeg 370w\" sizes=\"auto, (max-width: 300px) 100vw, 300px\" \/><\/a><\/p>\n<p>Auch die Konjunktur in Bayern sei trotz weltweiter Krisenherde nicht aus dem Tritt gekommen, so die Ministerin weiter. &amp;bdquo;Die Stimmung der bayerischen Wirtschaft verbesserte sich laut ifo-Konjunkturtest Bayern zuletzt erneut. Weil die Unternehmen auf eine stabile konjunkturelle Entwicklung vertrauen, ist auch f\u00fcr den Arbeitsmarkt ein sp\u00fcrbarer Fr\u00fchjahrsaufschwung zu erwarten&#8220;, so Aigner.<\/p>\n<p>Aigner setzt sich daf\u00fcr ein, dass diese gute Ausgangsposition gesichert wird: &amp;bdquo;Standortpolitik bedeutet in Bayern vor allem Mittelstandspolitik. Wir brauchen kleine und mittlere Unternehmen, die mutig in Innovationen investieren. Das aktuelle Gutachten der Expertenkommission Forschung und Innovation (EFI) zeigt, dass der Anteil der Innovationsausgaben am Umsatz im deutschen Mittelstand schon seit l\u00e4ngerem r\u00fcckl\u00e4ufig ist. Hier brauchen wir eine Kehrtwende. Voraussetzung daf\u00fcr ist, dass wir unn\u00f6tige B\u00fcrokratie f\u00fcr den Mittelstand aus dem Weg r\u00e4umen und endlich Anreize f\u00fcr Innovationen schaffen. Die bessere steuerliche F\u00f6rderung von Wagniskapital, die Wiedereinf\u00fchrung der degressiven Afa und letztlich auch eine steuerliche F\u00f6rderung von Forschungs- und Entwicklungsausgaben m\u00fcssen deshalb in Berlin endlich auf die Agenda. Bayern zeigt mit der Gr\u00fcnderland-Initiative und seiner Innovationspolitik, wohin der Weg gehen muss&#8220;, betont Aigner.<\/p>\n<p>In den bayerischen Regierungsbezirken lag die Bandbreite der Arbeitslosenquoten zwischen 3,8 Prozent in Unterfranken und 5,0 Prozent in Mittelfranken und somit \u00fcberall weit unter dem Bundesdurchschnitt von 6,9 Prozent.<\/p>\n<p>Quelle: stmwi.bayern.de<\/p>\n","protected":false},"excerpt":{"rendered":"<p>M\u00fcnchen: Bayerns Wirtschaftsministerin Aigner zu den Arbeitsmarktzahlen der Bundesagentur f\u00fcr Arbeit f\u00fcr Februar 2015 Aigner: \u201eJob-Chancen in Bayern so gut wie lange nicht\u201c Die landesweite Arbeitslosenquote lag im Februar 2015 bei 4,2 Prozent und ist damit gegen\u00fcber dem Vormonat um 0,1 Prozentpunkte gefallen. Bayerns Wirtschaftsministerin Ilse Aigner: Die Job-Chancen im Freistaat sind aktuell so gut [&hellip;]<\/p>\n","protected":false},"author":7,"featured_media":1513,"comment_status":"closed","ping_status":"open","sticky":false,"template":"","format":"standard","meta":{"footnotes":""},"categories":[78,71],"tags":[684],"class_list":["post-8223","post","type-post","status-publish","format-standard","has-post-thumbnail","hentry","category-bayern","category-menue","tag-arbeitsmarkt"],"_links":{"self":[{"href":"https:\/\/www.frankensicht.de\/index.php?rest_route=\/wp\/v2\/posts\/8223","targetHints":{"allow":["GET"]}}],"collection":[{"href":"https:\/\/www.frankensicht.de\/index.php?rest_route=\/wp\/v2\/posts"}],"about":[{"href":"https:\/\/www.frankensicht.de\/index.php?rest_route=\/wp\/v2\/types\/post"}],"author":[{"embeddable":true,"href":"https:\/\/www.frankensicht.de\/index.php?rest_route=\/wp\/v2\/users\/7"}],"replies":[{"embeddable":true,"href":"https:\/\/www.frankensicht.de\/index.php?rest_route=%2Fwp%2Fv2%2Fcomments&post=8223"}],"version-history":[{"count":0,"href":"https:\/\/www.frankensicht.de\/index.php?rest_route=\/wp\/v2\/posts\/8223\/revisions"}],"wp:featuredmedia":[{"embeddable":true,"href":"https:\/\/www.frankensicht.de\/index.php?rest_route=\/wp\/v2\/media\/1513"}],"wp:attachment":[{"href":"https:\/\/www.frankensicht.de\/index.php?rest_route=%2Fwp%2Fv2%2Fmedia&parent=8223"}],"wp:term":[{"taxonomy":"category","embeddable":true,"href":"https:\/\/www.frankensicht.de\/index.php?rest_route=%2Fwp%2Fv2%2Fcategories&post=8223"},{"taxonomy":"post_tag","embeddable":true,"href":"https:\/\/www.frankensicht.de\/index.php?rest_route=%2Fwp%2Fv2%2Ftags&post=8223"}],"curies":[{"name":"wp","href":"https:\/\/api.w.org\/{rel}","templated":true}]}}