{"id":8160,"date":"2015-02-10T10:42:17","date_gmt":"2015-02-10T09:42:17","guid":{"rendered":"http:\/\/www.frankensicht.de\/?p=8160"},"modified":"2015-02-10T10:42:17","modified_gmt":"2015-02-10T09:42:17","slug":"wissenschaft-als-fundament-der-freundschaft","status":"publish","type":"post","link":"https:\/\/www.frankensicht.de\/?p=8160","title":{"rendered":"Wissenschaft als Fundament der Freundschaft"},"content":{"rendered":"<p><span style=\"color: #ff0000;\">Berlin:<\/span><\/p>\n<p>Wissenschaft als Fundament der Freundschaft<br \/>\nBundesministerin Wanka w\u00fcrdigt bei Israel-Reise 50 Jahre deutsch-israelische Beziehungen: &#8222;Wissenschaftler beider L\u00e4nder f\u00f6rderten die Ann\u00e4herung&#8220;<\/p>\n<p>Israel und Deutschland vertiefen ihre wissenschaftliche Zusammenarbeit. Am 12. Mai j\u00e4hrt sich die Aufnahme diplomatischer Beziehungen zwischen beiden Staaten zum f\u00fcnfzigsten Mal. Das Jubil\u00e4umsjahr wird auch mit zahlreichen Wissenschaftsveranstaltungen gefeiert, zu deren Auftakt die Bundesministerin f\u00fcr Bildung und Forschung, Johanna Wanka, heute nach Israel reist. Wanka ist die erste Bundesministerin, die im Jubil\u00e4umsjahr das Land besucht. Sie wird bei ihrem Besuch unter anderem zwei neue Minerva-Zentren er\u00f6ffnen, die deutsch-israelischen Forschungsprojekten und dem wissenschaftlichen Austausch beider L\u00e4nder dienen.<\/p>\n<p><a href=\"https:\/\/www.frankensicht.de\/?attachment_id=8164\" rel=\"attachment wp-att-8164\"><img loading=\"lazy\" decoding=\"async\" class=\"alignnone size-medium wp-image-8164\" src=\"https:\/\/www.frankensicht.de\/wp-content\/uploads\/2015\/02\/israel-300x218.png\" alt=\"israel\" width=\"300\" height=\"218\" srcset=\"https:\/\/www.frankensicht.de\/wp-content\/uploads\/2015\/02\/israel-300x218.png 300w, https:\/\/www.frankensicht.de\/wp-content\/uploads\/2015\/02\/israel.png 660w\" sizes=\"auto, (max-width: 300px) 100vw, 300px\" \/><\/a><\/p>\n<p>Nach dem Ende des Zweiten Weltkriegs und des Holocaust waren es auch die Wissenschaftsbeziehungen, die eine langsame Ann\u00e4herung der neuen Staaten Israel und Bundesrepublik Deutschland einleiteten. &#8222;Wissenschaftler in beiden L\u00e4ndern leisteten einen erheblichen Beitrag, vertrauensvolle und freundschaftliche Beziehungen zwischen Israel und Deutschland m\u00f6glich zu machen&#8220;, sagte Wanka zum Start ihrer Reise.<\/p>\n<p>In Tel Aviv und Rehovot tagt anl\u00e4sslich der Jubil\u00e4umsfeierlichkeiten ein hochkar\u00e4tig und interdisziplin\u00e4r besetztes Symposium des Weizmann-Instituts, der Max-Planck-Gesellschaft und der israelischen Akademie der Wissenschaften, das Wanka er\u00f6ffnen wird. Bereits 1959 machte die Max-Planck-Gesellschaft eine Delegationsreise an das Weizmann-Institut in Rehovot. &#8222;Bei diesem Treffen initiierten die Wissenschaftler vor 56 Jahren die Zusammenarbeit beider L\u00e4nder, als sie in Rehovot zusammengekommen sind, um nach den Schrecken der Shoah eine gemeinsame Basis f\u00fcr die wissenschaftliche Kooperation zu suchen&#8220;, sagte Wanka. Die Ministerin wird sich bei ihrer Reise mit dem Pr\u00e4sidenten des Weizmann-Instituts treffen, Prof. Daniel Zajfman, und mit jungen Wissenschaftlern am Weizmann-Institut ins Gespr\u00e4ch kommen.<\/p>\n<p>Im Rahmen des Symposiums wird Wanka zwei neue Minerva-Zentren er\u00f6ffnen. Die beiden neuen Zentren, die an israelische Forschungseinrichtungen angegliedert sind, werden in einem wettbewerblichen Verfahren ausgew\u00e4hlt. Bereits seit 1964 f\u00f6rdert das Bundesministerium f\u00fcr Bildung und Forschung (BMBF) im Rahmen der Programme der Minerva-Stiftung die Forschungskooperation mit Israel. Inzwischen umfasst die Zusammenarbeit alle Bereiche von der Grundlagenforschung bis zur angewandten Forschung. Au\u00dferdem verleiht die Ministerin w\u00e4hrend des Symposiums auch den ARCHES-Preis 2014 (Award for Research Cooperation and High Excellence in Science), mit dem j\u00e4hrlich herausragende gemeinsame deutsch-israelische Forschungskooperationen ausgezeichnet werden. \u00a0Zum Abschluss ihrer Reise &#8211; wenige Tage nach dem siebzigsten Jahrestag der Befreiung des Konzentrationslagers Auschwitz &#8211; wird die Bundesministerin in der Holocaust-Gedenkst\u00e4tte Yad Vashem einen Kranz niederlegen.<\/p>\n<p>Quelle:bmbf.bund.de<\/p>\n","protected":false},"excerpt":{"rendered":"<p>Berlin: Wissenschaft als Fundament der Freundschaft Bundesministerin Wanka w\u00fcrdigt bei Israel-Reise 50 Jahre deutsch-israelische Beziehungen: &#8222;Wissenschaftler beider L\u00e4nder f\u00f6rderten die Ann\u00e4herung&#8220; Israel und Deutschland vertiefen ihre wissenschaftliche Zusammenarbeit. Am 12. Mai j\u00e4hrt sich die Aufnahme diplomatischer Beziehungen zwischen beiden Staaten zum f\u00fcnfzigsten Mal. Das Jubil\u00e4umsjahr wird auch mit zahlreichen Wissenschaftsveranstaltungen gefeiert, zu deren Auftakt die [&hellip;]<\/p>\n","protected":false},"author":7,"featured_media":8164,"comment_status":"closed","ping_status":"open","sticky":false,"template":"","format":"standard","meta":{"footnotes":""},"categories":[3,30],"tags":[],"class_list":["post-8160","post","type-post","status-publish","format-standard","has-post-thumbnail","hentry","category-news","category-welt"],"_links":{"self":[{"href":"https:\/\/www.frankensicht.de\/index.php?rest_route=\/wp\/v2\/posts\/8160","targetHints":{"allow":["GET"]}}],"collection":[{"href":"https:\/\/www.frankensicht.de\/index.php?rest_route=\/wp\/v2\/posts"}],"about":[{"href":"https:\/\/www.frankensicht.de\/index.php?rest_route=\/wp\/v2\/types\/post"}],"author":[{"embeddable":true,"href":"https:\/\/www.frankensicht.de\/index.php?rest_route=\/wp\/v2\/users\/7"}],"replies":[{"embeddable":true,"href":"https:\/\/www.frankensicht.de\/index.php?rest_route=%2Fwp%2Fv2%2Fcomments&post=8160"}],"version-history":[{"count":0,"href":"https:\/\/www.frankensicht.de\/index.php?rest_route=\/wp\/v2\/posts\/8160\/revisions"}],"wp:featuredmedia":[{"embeddable":true,"href":"https:\/\/www.frankensicht.de\/index.php?rest_route=\/wp\/v2\/media\/8164"}],"wp:attachment":[{"href":"https:\/\/www.frankensicht.de\/index.php?rest_route=%2Fwp%2Fv2%2Fmedia&parent=8160"}],"wp:term":[{"taxonomy":"category","embeddable":true,"href":"https:\/\/www.frankensicht.de\/index.php?rest_route=%2Fwp%2Fv2%2Fcategories&post=8160"},{"taxonomy":"post_tag","embeddable":true,"href":"https:\/\/www.frankensicht.de\/index.php?rest_route=%2Fwp%2Fv2%2Ftags&post=8160"}],"curies":[{"name":"wp","href":"https:\/\/api.w.org\/{rel}","templated":true}]}}