{"id":8128,"date":"2015-02-04T08:52:27","date_gmt":"2015-02-04T07:52:27","guid":{"rendered":"http:\/\/www.frankensicht.de\/?p=8128"},"modified":"2015-02-04T08:52:27","modified_gmt":"2015-02-04T07:52:27","slug":"appell-der-bayerischen-gesundheitsministerin-zum-weltkrebstag-am-4-februar","status":"publish","type":"post","link":"https:\/\/www.frankensicht.de\/?p=8128","title":{"rendered":"Appell der Bayerischen Gesundheitsministerin zum Weltkrebstag am 4. Februar"},"content":{"rendered":"<p><span style=\"color: #ff0000;\">M\u00fcnchen:<\/span><\/p>\n<p>Huml wirbt f\u00fcr Krebs-Vorsorge &#8211; Appell der Bayerischen Gesundheitsministerin zum Weltkrebstag am 4. Februar<\/p>\n<p>Bayerns Gesundheitsministerin Melanie Huml hat anl\u00e4sslich des Weltkrebstages am Mittwoch daf\u00fcr geworben, die Vorsorge-Angebote der Krankenkassen zu nutzen. Huml betonte in M\u00fcnchen: &#8222;Niemand sollte aus Angst vor einer schlechten Nachricht Untersuchungen meiden. Denn viele Krebsarten sind heilbar, wenn sie rechtzeitig erkannt werden. Vorsorge kann deshalb einen wirksamen Schutz bedeuten.&#8220;<\/p>\n<p>Die Ministerin f\u00fcgte hinzu: &#8222;Derzeit nehmen aber zu wenige Menschen an der Krebsfr\u00fcherkennung teil. Bei den anspruchsberechtigten Frauen nutzt laut Daten des Bundes nur die H\u00e4lfte die Angebote der gesetzlichen Krankenversicherung &amp;ndash; und bei den anspruchsberechtigten M\u00e4nnern ist es sogar nur rund ein Viertel. Durch Pr\u00e4vention kann die Zahl der Krebsneuerkrankungen um bis zu ein Drittel gesenkt werden.&#8220;<\/p>\n<p>In Bayern erkranken j\u00e4hrlich rund 68.000 Menschen neu an Krebs. Die h\u00e4ufigsten Krebsarten bei den M\u00e4nnern sind Prostatakrebs (ca. 8.500 F\u00e4lle), Darmkrebs (ca. 5.000 F\u00e4lle) und Lungenkrebs (ca. 4.000 F\u00e4lle). Bei den Frauen ist der Brustkrebs (ca. 10.000 F\u00e4lle) in Bayern am h\u00e4ufigsten, gefolgt von Darmkrebs (ca. 4.000 F\u00e4lle) und Lungenkrebs (ca. 2.000 F\u00e4lle).<\/p>\n<p>Bayern f\u00f6rdert derzeit ein wegweisendes Modellprojekt zur Evaluation des Einladungs- und Informationsverfahrens zur Darmkrebsvorsorge. Gemeinsam mit der Kassen\u00e4rztlichen Vereinigung Bayerns (KVB) und der Techniker Krankenkasse (TK) im Freistaat werden dabei bis zu 90.000 gesetzlich Versicherte im Alter von 50 und 55 Jahren auf verschiedene Weise \u00fcber die M\u00f6glichkeiten der Darmkrebs-Fr\u00fcherkennung informiert. Das Modellprojekt wird im Rahmen der Gesundheitsinitiative &#8222;Gesund.Leben.Bayern.&#8220; des Bayerischen Staatsministeriums f\u00fcr Gesundheit und Pflege in H\u00f6he von 130.000 Euro gef\u00f6rdert.<\/p>\n<p>Quelle: stmgp.bayern.de<\/p>\n<p><a href=\"https:\/\/www.frankensicht.de\/?attachment_id=4951\" rel=\"attachment wp-att-4951\"><img loading=\"lazy\" decoding=\"async\" class=\"alignnone size-medium wp-image-4951\" src=\"https:\/\/www.frankensicht.de\/wp-content\/uploads\/2013\/01\/krankenhaus-300x187.jpg\" alt=\"krankenhaus\" width=\"300\" height=\"187\" srcset=\"https:\/\/www.frankensicht.de\/wp-content\/uploads\/2013\/01\/krankenhaus-300x187.jpg 300w, https:\/\/www.frankensicht.de\/wp-content\/uploads\/2013\/01\/krankenhaus.jpg 640w\" sizes=\"auto, (max-width: 300px) 100vw, 300px\" \/><\/a><\/p>\n","protected":false},"excerpt":{"rendered":"<p>M\u00fcnchen: Huml wirbt f\u00fcr Krebs-Vorsorge &#8211; Appell der Bayerischen Gesundheitsministerin zum Weltkrebstag am 4. Februar Bayerns Gesundheitsministerin Melanie Huml hat anl\u00e4sslich des Weltkrebstages am Mittwoch daf\u00fcr geworben, die Vorsorge-Angebote der Krankenkassen zu nutzen. Huml betonte in M\u00fcnchen: &#8222;Niemand sollte aus Angst vor einer schlechten Nachricht Untersuchungen meiden. Denn viele Krebsarten sind heilbar, wenn sie rechtzeitig [&hellip;]<\/p>\n","protected":false},"author":7,"featured_media":4951,"comment_status":"closed","ping_status":"open","sticky":false,"template":"","format":"standard","meta":{"footnotes":""},"categories":[78,71],"tags":[1688],"class_list":["post-8128","post","type-post","status-publish","format-standard","has-post-thumbnail","hentry","category-bayern","category-menue","tag-krebsvorsorge"],"_links":{"self":[{"href":"https:\/\/www.frankensicht.de\/index.php?rest_route=\/wp\/v2\/posts\/8128","targetHints":{"allow":["GET"]}}],"collection":[{"href":"https:\/\/www.frankensicht.de\/index.php?rest_route=\/wp\/v2\/posts"}],"about":[{"href":"https:\/\/www.frankensicht.de\/index.php?rest_route=\/wp\/v2\/types\/post"}],"author":[{"embeddable":true,"href":"https:\/\/www.frankensicht.de\/index.php?rest_route=\/wp\/v2\/users\/7"}],"replies":[{"embeddable":true,"href":"https:\/\/www.frankensicht.de\/index.php?rest_route=%2Fwp%2Fv2%2Fcomments&post=8128"}],"version-history":[{"count":0,"href":"https:\/\/www.frankensicht.de\/index.php?rest_route=\/wp\/v2\/posts\/8128\/revisions"}],"wp:featuredmedia":[{"embeddable":true,"href":"https:\/\/www.frankensicht.de\/index.php?rest_route=\/wp\/v2\/media\/4951"}],"wp:attachment":[{"href":"https:\/\/www.frankensicht.de\/index.php?rest_route=%2Fwp%2Fv2%2Fmedia&parent=8128"}],"wp:term":[{"taxonomy":"category","embeddable":true,"href":"https:\/\/www.frankensicht.de\/index.php?rest_route=%2Fwp%2Fv2%2Fcategories&post=8128"},{"taxonomy":"post_tag","embeddable":true,"href":"https:\/\/www.frankensicht.de\/index.php?rest_route=%2Fwp%2Fv2%2Ftags&post=8128"}],"curies":[{"name":"wp","href":"https:\/\/api.w.org\/{rel}","templated":true}]}}