{"id":8041,"date":"2015-01-22T12:30:32","date_gmt":"2015-01-22T11:30:32","guid":{"rendered":"http:\/\/www.frankensicht.de\/?p=8041"},"modified":"2015-01-22T12:30:32","modified_gmt":"2015-01-22T11:30:32","slug":"kompetenzkreis-tierwohl-uebergibt-ersten-zwischenbericht-an-bundesminister-schmidt","status":"publish","type":"post","link":"https:\/\/www.frankensicht.de\/?p=8041","title":{"rendered":"Kompetenzkreis Tierwohl \u00fcbergibt ersten Zwischenbericht an Bundesminister Schmidt"},"content":{"rendered":"<p><span style=\"color: #ff0000;\">Berlin:<\/span><\/p>\n<p>Kompetenzkreis Tierwohl \u00fcbergibt ersten Zwischenbericht an Bundesminister Schmidt<\/p>\n<p>Der Kompetenzkreis Tierwohl hat einen ersten Zwischenbericht vorgelegt. Bundesminister Christian Schmidt nahm ihn am Donnerstag in Berlin vom Vorsitzenden des Kompetenzkreises, Dr. Gert Lindemann, entgegen. &#8222;Der Zwischenbericht enth\u00e4lt einige neue Vorschl\u00e4ge&#8220;, so Lindemann. &#8222;Ich danke dem Kompetenzkreis f\u00fcr sein Engagement der letzten Monate und f\u00fcr seine Empfehlungen&#8220;, sagte der Minister. &#8222;Wir haben inzwischen zahlreiche Initiativen, die sich alle demselben Ziel verpflichtet f\u00fchlen: bessere Haltungsbedingungen f\u00fcr Nutztiere zu erreichen. Die Forderung des Kompetenzkreises nach st\u00e4rkerer Koordinierung der Tierschutz-Initiativen des Bundes mit denen der L\u00e4nder greife ich deswegen gerne auf. Ich bin bereit, den Initiativen der L\u00e4nder unter dem Dach meiner Tierwohl-Initiative &#8222;Eine Frage der Haltung&#8220; einen Platz zu geben.&#8220; Der Kompetenzkreis empfiehlt au\u00dferdem, ein Tierwohl-Indikatorensystem f\u00fcr ein fl\u00e4chendeckendes Monitoring des Tierschutzes in der Nutztierhaltung zu entwickeln. &#8222;Tierwohl soll messbar werden. Um Handlungsbedarf zu definieren und Fortschritte in der Tierhaltung beurteilen zu k\u00f6nnen, hilft uns ein solches Monitoring.&#8220;, so Schmidt weiter.<\/p>\n<p><a href=\"https:\/\/www.frankensicht.de\/?attachment_id=8045\" rel=\"attachment wp-att-8045\"><img loading=\"lazy\" decoding=\"async\" class=\"alignnone size-medium wp-image-8045\" src=\"https:\/\/www.frankensicht.de\/wp-content\/uploads\/2015\/01\/kuehe-300x225.jpg\" alt=\"kuehe\" width=\"300\" height=\"225\" srcset=\"https:\/\/www.frankensicht.de\/wp-content\/uploads\/2015\/01\/kuehe-300x225.jpg 300w, https:\/\/www.frankensicht.de\/wp-content\/uploads\/2015\/01\/kuehe.jpg 640w\" sizes=\"auto, (max-width: 300px) 100vw, 300px\" \/><\/a><\/p>\n<p>Neben dem Monitoring-System und einer st\u00e4rkeren Koordinierung der Tierschutz-Initiativen von Bund und L\u00e4ndern enth\u00e4lt der Zwischenbericht Empfehlungen zur Beendigung nicht-kurativer Eingriffe bei Nutztieren. Dazu geh\u00f6ren das K\u00fcrzen eines Teils des Schnabels bei Gefl\u00fcgel und eines Teils des Schwanzes bei Schweinen. Der Ausstieg aus der bet\u00e4ubungslosen Ferkelkastration wurde bereits mit dem 2013 novellierten Tierschutzgesetz eingeleitet. So d\u00fcrfen Ferkel ab 2019 nur noch mit Bet\u00e4ubung kastriert werden. \u00dcber freiwillige Vereinbarungen zum Ausstieg auch aus der Praxis des Schnabelk\u00fcrzens und Schw\u00e4nzekupierens hat das BMEL bereits erste Gespr\u00e4che mit der Wirtschaft gef\u00fchrt. &#8222;Das routinem\u00e4\u00dfige Kupieren von Schn\u00e4beln und Schw\u00e4nzen ist mit den geltenden Rechtsgrundlagen nicht vereinbar&#8220;, erkl\u00e4rte Schmidt. Es gehe darum, das gesetzliche Regel-Ausnahme-Verh\u00e4ltnis auch in der Praxis wieder herzustellen. &#8222;Wo das Engagement der Wirtschaft nicht zu den notwendigen Verbesserungen f\u00fchrt, kann auch eine \u00c4nderung des Rechtsrahmens erforderlich werden&#8220;, f\u00fcgte er hinzu.<\/p>\n<p>Den Kompetenzkreis Tierwohl hatte Bundesminister Schmidt im September 2014 im Rahmen seiner Initiative &#8222;Eine Frage der Haltung &#8211; Neue Wege f\u00fcr mehr Tierwohl&#8220; berufen. Ziel der Initiative ist es, die Haltungsbedingungen f\u00fcr Nutztiere zu verbessern und die Akzeptanz f\u00fcr die Nutztierhaltung in der Gesellschaft zu steigern. Die Initiative sieht u.a. ein Pr\u00fcf- und Zulassungsverfahren f\u00fcr Stalleinrichtungssysteme vor, f\u00fcr das bis Sommer dieses Jahres eine Verordnung erarbeitet wird. Im Dezember 2014 hat Bundesminister Schmidt gemeinsam mit seiner niederl\u00e4ndischen Amtskollegin und seinem d\u00e4nischen Amtskollegen eine Erkl\u00e4rung f\u00fcr mehr Tierschutz in Europa unterzeichnet. Au\u00dferdem laufen Modell- und Demonstrationsvorhaben, mit denen der Transfer von Forschungsergebnissen in die Praxis unterst\u00fctzt wird, in landwirtschaftlichen Betrieben.<\/p>\n<p>Quelle:bmel.bund.de<\/p>\n","protected":false},"excerpt":{"rendered":"<p>Berlin: Kompetenzkreis Tierwohl \u00fcbergibt ersten Zwischenbericht an Bundesminister Schmidt Der Kompetenzkreis Tierwohl hat einen ersten Zwischenbericht vorgelegt. Bundesminister Christian Schmidt nahm ihn am Donnerstag in Berlin vom Vorsitzenden des Kompetenzkreises, Dr. Gert Lindemann, entgegen. &#8222;Der Zwischenbericht enth\u00e4lt einige neue Vorschl\u00e4ge&#8220;, so Lindemann. &#8222;Ich danke dem Kompetenzkreis f\u00fcr sein Engagement der letzten Monate und f\u00fcr seine [&hellip;]<\/p>\n","protected":false},"author":7,"featured_media":8045,"comment_status":"closed","ping_status":"open","sticky":false,"template":"","format":"standard","meta":{"footnotes":""},"categories":[44,3],"tags":[1592],"class_list":["post-8041","post","type-post","status-publish","format-standard","has-post-thumbnail","hentry","category-deutschland-2","category-news","tag-tierwohl"],"_links":{"self":[{"href":"https:\/\/www.frankensicht.de\/index.php?rest_route=\/wp\/v2\/posts\/8041","targetHints":{"allow":["GET"]}}],"collection":[{"href":"https:\/\/www.frankensicht.de\/index.php?rest_route=\/wp\/v2\/posts"}],"about":[{"href":"https:\/\/www.frankensicht.de\/index.php?rest_route=\/wp\/v2\/types\/post"}],"author":[{"embeddable":true,"href":"https:\/\/www.frankensicht.de\/index.php?rest_route=\/wp\/v2\/users\/7"}],"replies":[{"embeddable":true,"href":"https:\/\/www.frankensicht.de\/index.php?rest_route=%2Fwp%2Fv2%2Fcomments&post=8041"}],"version-history":[{"count":0,"href":"https:\/\/www.frankensicht.de\/index.php?rest_route=\/wp\/v2\/posts\/8041\/revisions"}],"wp:featuredmedia":[{"embeddable":true,"href":"https:\/\/www.frankensicht.de\/index.php?rest_route=\/wp\/v2\/media\/8045"}],"wp:attachment":[{"href":"https:\/\/www.frankensicht.de\/index.php?rest_route=%2Fwp%2Fv2%2Fmedia&parent=8041"}],"wp:term":[{"taxonomy":"category","embeddable":true,"href":"https:\/\/www.frankensicht.de\/index.php?rest_route=%2Fwp%2Fv2%2Fcategories&post=8041"},{"taxonomy":"post_tag","embeddable":true,"href":"https:\/\/www.frankensicht.de\/index.php?rest_route=%2Fwp%2Fv2%2Ftags&post=8041"}],"curies":[{"name":"wp","href":"https:\/\/api.w.org\/{rel}","templated":true}]}}