{"id":7966,"date":"2015-01-03T10:20:48","date_gmt":"2015-01-03T09:20:48","guid":{"rendered":"http:\/\/www.frankensicht.de\/?p=7966"},"modified":"2015-01-03T10:20:48","modified_gmt":"2015-01-03T09:20:48","slug":"bayerns-gesundheitsministerin-verstaerkt-betreuung-drogenabhaengiger-in-bayern","status":"publish","type":"post","link":"https:\/\/www.frankensicht.de\/?p=7966","title":{"rendered":"Bayerns Gesundheitsministerin verst\u00e4rkt Betreuung Drogenabh\u00e4ngiger in Bayern"},"content":{"rendered":"<p><span style=\"color: #ff0000;\">M\u00fcnchen:<\/span><\/p>\n<p>Quelle:Huml baut Hilfe f\u00fcr \u00e4ltere suchtkranke Menschen aus &#8211; Bayerns Gesundheitsministerin verst\u00e4rkt Betreuung Drogenabh\u00e4ngiger in Bayern<\/p>\n<p>Bayerns Gesundheitsministerin Melanie Huml hat f\u00fcr Anfang 2015 ein Modellprojekt zur Versorgung drogenabh\u00e4ngiger Menschen ab 40 Jahren angek\u00fcndigt. Die Ministerin betonte am Donnerstag: &#8222;Wir m\u00fcssen die Bed\u00fcrfnisse gerade dieser Gruppe von Suchtkranken st\u00e4rker ins Bewusstsein r\u00fccken. Die Lebenserwartung suchtkranker Menschen ist durch die Fortschritte in der Versorgung gestiegen. Das ist eine erfreuliche Entwicklung. Nach Einsch\u00e4tzung von Experten wird ihre Zahl k\u00fcnftig stark ansteigen. Daher ist es wichtig, dass wir diesen suchtkranken Menschen auch in h\u00f6herem Alter eine bedarfsgerechte Betreuung anbieten k\u00f6nnen.&#8220;<\/p>\n<p><a href=\"https:\/\/www.frankensicht.de\/?attachment_id=4951\" rel=\"attachment wp-att-4951\"><img loading=\"lazy\" decoding=\"async\" class=\"alignnone size-medium wp-image-4951\" src=\"https:\/\/www.frankensicht.de\/wp-content\/uploads\/2013\/01\/krankenhaus-300x187.jpg\" alt=\"krankenhaus\" width=\"300\" height=\"187\" srcset=\"https:\/\/www.frankensicht.de\/wp-content\/uploads\/2013\/01\/krankenhaus-300x187.jpg 300w, https:\/\/www.frankensicht.de\/wp-content\/uploads\/2013\/01\/krankenhaus.jpg 640w\" sizes=\"auto, (max-width: 300px) 100vw, 300px\" \/><\/a><\/p>\n<p>Der Start des neuen Modellprojekts unter Federf\u00fchrung des bayerischen Parit\u00e4tischen Wohlfahrtsverbands ist f\u00fcr Februar 2015 geplant. Ziel ist es herauszufinden, welche besonderen Hilfe- und Betreuungsangebote suchtkranke Menschen im fortgeschrittenen Alter brauchen &#8211; und welche Ma\u00dfnahmen noch ausgebaut werden m\u00fcssen. Die Ministerin erg\u00e4nzte: &#8222;Mir ist es wichtig, bei der Versorgung suchtkranker Menschen auch den Inklusionsgedanken mit einzubeziehen. Au\u00dferdem wollen wir ihre Bed\u00fcrfnisse sowohl in der ambulanten als auch in der station\u00e4ren Pflege noch besser ber\u00fccksichtigen.&#8220;<\/p>\n<p>Das Bayerische Gesundheits- und Pflegeministerium f\u00f6rdert das Projekt mit rund 224.000 Euro im Zeitraum von zwei Jahren. Tr\u00e4ger des Projekts sind der Verein Condrobs e.V. aus M\u00fcnchen, mudra &amp;ndash; Alternative Jugend- und Drogenhilfe e.V. aus N\u00fcrnberg sowie die Drogenhilfe Schwaben aus Augsburg.<\/p>\n<p>Quelle:stmgp.bayern.de<\/p>\n","protected":false},"excerpt":{"rendered":"<p>M\u00fcnchen: Quelle:Huml baut Hilfe f\u00fcr \u00e4ltere suchtkranke Menschen aus &#8211; Bayerns Gesundheitsministerin verst\u00e4rkt Betreuung Drogenabh\u00e4ngiger in Bayern Bayerns Gesundheitsministerin Melanie Huml hat f\u00fcr Anfang 2015 ein Modellprojekt zur Versorgung drogenabh\u00e4ngiger Menschen ab 40 Jahren angek\u00fcndigt. Die Ministerin betonte am Donnerstag: &#8222;Wir m\u00fcssen die Bed\u00fcrfnisse gerade dieser Gruppe von Suchtkranken st\u00e4rker ins Bewusstsein r\u00fccken. Die Lebenserwartung [&hellip;]<\/p>\n","protected":false},"author":7,"featured_media":4951,"comment_status":"closed","ping_status":"open","sticky":false,"template":"","format":"standard","meta":{"footnotes":""},"categories":[78,71],"tags":[929,1660],"class_list":["post-7966","post","type-post","status-publish","format-standard","has-post-thumbnail","hentry","category-bayern","category-menue","tag-drogen","tag-sucht"],"_links":{"self":[{"href":"https:\/\/www.frankensicht.de\/index.php?rest_route=\/wp\/v2\/posts\/7966","targetHints":{"allow":["GET"]}}],"collection":[{"href":"https:\/\/www.frankensicht.de\/index.php?rest_route=\/wp\/v2\/posts"}],"about":[{"href":"https:\/\/www.frankensicht.de\/index.php?rest_route=\/wp\/v2\/types\/post"}],"author":[{"embeddable":true,"href":"https:\/\/www.frankensicht.de\/index.php?rest_route=\/wp\/v2\/users\/7"}],"replies":[{"embeddable":true,"href":"https:\/\/www.frankensicht.de\/index.php?rest_route=%2Fwp%2Fv2%2Fcomments&post=7966"}],"version-history":[{"count":0,"href":"https:\/\/www.frankensicht.de\/index.php?rest_route=\/wp\/v2\/posts\/7966\/revisions"}],"wp:featuredmedia":[{"embeddable":true,"href":"https:\/\/www.frankensicht.de\/index.php?rest_route=\/wp\/v2\/media\/4951"}],"wp:attachment":[{"href":"https:\/\/www.frankensicht.de\/index.php?rest_route=%2Fwp%2Fv2%2Fmedia&parent=7966"}],"wp:term":[{"taxonomy":"category","embeddable":true,"href":"https:\/\/www.frankensicht.de\/index.php?rest_route=%2Fwp%2Fv2%2Fcategories&post=7966"},{"taxonomy":"post_tag","embeddable":true,"href":"https:\/\/www.frankensicht.de\/index.php?rest_route=%2Fwp%2Fv2%2Ftags&post=7966"}],"curies":[{"name":"wp","href":"https:\/\/api.w.org\/{rel}","templated":true}]}}