{"id":7955,"date":"2014-12-30T08:31:45","date_gmt":"2014-12-30T07:31:45","guid":{"rendered":"http:\/\/www.frankensicht.de\/?p=7955"},"modified":"2014-12-30T08:31:45","modified_gmt":"2014-12-30T07:31:45","slug":"startschuss-fuer-bayerische-zentralstelle-zur-bekaempfung-von-cybercrime-in-bamberg","status":"publish","type":"post","link":"https:\/\/www.frankensicht.de\/?p=7955","title":{"rendered":"Startschuss f\u00fcr bayerische Zentralstelle zur Bek\u00e4mpfung von Cybercrime in Bamberg"},"content":{"rendered":"<p><span style=\"color: #ff0000;\">Bamberg:<\/span><\/p>\n<p>Startschuss f\u00fcr bayerische Zentralstelle zur Bek\u00e4mpfung von Cybercrime in Bamberg \/ Justizminister Bausback: &#8222;Weiterer Schritt im Kampf gegen Internetkriminalit\u00e4t&#8220;<br \/>\nZum 1. Januar 2015 richtet das Bayerische Staatsministerium der Justiz bei der Generalstaatsanwaltschaft Bamberg eine f\u00fcr ganz Bayern zust\u00e4ndige &#8222;Zentralstelle Cybercrime Bayern&#8220; ein. Bayerns Justizminister Prof. Dr. Winfried Bausback zu diesem Anlass: &#8222;Das Internet ist kein rechtsfreier Raum. Das Recht der analogen Welt wird im Cyberspace nicht au\u00dfer Kraft gesetzt &#8211; und muss auch dort effektiv durchgesetzt werden. Daf\u00fcr ist es wichtig, technisches und juristisches Fachwissen zu b\u00fcndeln. Mit dem Gesamtkonzept des Bayerischen Staatsministeriums der Justiz zur Bek\u00e4mpfung der Internetkriminalit\u00e4t vom 30.01.2012 wurden bereits bei allen 22 Staatsanwaltschaften und bei den 3 Generalstaatsanwaltschaften in Bayern Sonderdezernate bzw. IT-Ansprechpartner eingerichtet. Bei der neuen &#8222;Zentralstelle Cybercrime Bayern&#8220; werden jetzt zuk\u00fcnftig besonders herausgehobene Ermittlungsverfahren im Bereich Cybercrime zentral bearbeitet. Dabei kann es zum Beispiel um Taten der organisierten Cyberkriminalit\u00e4t oder Cyber-Angriffe mit besonderen Auswirkungen auf zentrale IT-Strukturen von Energieversorgern, der Finanzwirtschaft oder der \u00f6ffentlichen Hand gehen.&#8220;<\/p>\n<p><a href=\"https:\/\/www.frankensicht.de\/?attachment_id=1410\" rel=\"attachment wp-att-1410\"><img loading=\"lazy\" decoding=\"async\" class=\"alignnone size-medium wp-image-1410\" src=\"https:\/\/www.frankensicht.de\/wp-content\/uploads\/2012\/05\/paragraf-300x187.jpg\" alt=\"paragraf\" width=\"300\" height=\"187\" srcset=\"https:\/\/www.frankensicht.de\/wp-content\/uploads\/2012\/05\/paragraf-300x187.jpg 300w, https:\/\/www.frankensicht.de\/wp-content\/uploads\/2012\/05\/paragraf.jpg 640w\" sizes=\"auto, (max-width: 300px) 100vw, 300px\" \/><\/a><\/p>\n<p>Bayerns Justizminister erl\u00e4utert, dass die Zentralstelle eng mit dem Anfang 2014 neu geschaffenen Dezernat Cybercrime im Bayerischen Landeskriminalamt und den f\u00fcr Cybercrime zust\u00e4ndigen Kommissariaten der Bayerischen Polizei aber auch mit den entsprechenden Zentralstellen der Staatsanwaltschaften anderer Bundesl\u00e4nder zusammenarbeiten werde. Daneben \u00fcbernehme sie Koordinierungsfunktionen, fungiere als zentraler Ansprechpartner f\u00fcr Fragestellungen aus dem Bereich Cyberkriminalit\u00e4t und wirke bei Aus- und Fortbildungsma\u00dfnahmen mit.<\/p>\n<p>Bausback weiter: &#8222;Keine Frage &#8211; das Internet bietet fantastische M\u00f6glichkeiten und ist schon heute aus unserem Alltag nicht mehr wegzudenken. Aber: Es wird von Straft\u00e4tern auch immer mehr f\u00fcr ihre kriminellen Interessen missbraucht. Das reicht von Phishing, Skimming \u00fcber Ransomware, DDos-Attacken und Bot-Netzen bis hin zur \u00dcbernahme digitaler Identit\u00e4ten im Netz.&#8220; In den letzten f\u00fcnf Jahren sei es hier zu einer Verdoppelung der in der Kriminalstatistik registrierten Verfahren gekommen &amp;ndash; trotz einer hohen Dunkelziffer von \u00fcber 80 %, u. a. da die Mehrzahl der begangenen Straftaten gar nicht entdeckt oder angezeigt werde.<\/p>\n<p>Bayerns Justizminister weiter: &#8222;Die aktuelle Kriminalstatistik zeigt: Wir hatten in Bayern im letzten Jahr bei den Delikten mit dem Tatmittel Internet einen Anstieg der Delikte um 10,6 % gegen\u00fcber dem Vorjahr &#8211; auf 24.292 F\u00e4lle. Besonders im Bereich der Datenver\u00e4nderung und Computersabotage mit einer Zunahme um 16,5 % gegen\u00fcber 2012 zeigt sich, dass es den T\u00e4tern offenbar gelingt, sich immer weiter zu professionalisieren. Dem m\u00fcssen wir etwas entgegen setzen&#8220;, so Bausback abschlie\u00dfend.<\/p>\n<p>Quelle:stmj.bayern.de<\/p>\n","protected":false},"excerpt":{"rendered":"<p>Bamberg: Startschuss f\u00fcr bayerische Zentralstelle zur Bek\u00e4mpfung von Cybercrime in Bamberg \/ Justizminister Bausback: &#8222;Weiterer Schritt im Kampf gegen Internetkriminalit\u00e4t&#8220; Zum 1. Januar 2015 richtet das Bayerische Staatsministerium der Justiz bei der Generalstaatsanwaltschaft Bamberg eine f\u00fcr ganz Bayern zust\u00e4ndige &#8222;Zentralstelle Cybercrime Bayern&#8220; ein. Bayerns Justizminister Prof. Dr. Winfried Bausback zu diesem Anlass: &#8222;Das Internet ist [&hellip;]<\/p>\n","protected":false},"author":7,"featured_media":1410,"comment_status":"closed","ping_status":"open","sticky":false,"template":"","format":"standard","meta":{"footnotes":""},"categories":[91,71,83],"tags":[1656],"class_list":["post-7955","post","type-post","status-publish","format-standard","has-post-thumbnail","hentry","category-bamberg-oberfranken","category-menue","category-oberfranken","tag-cyberkriminalitaet"],"_links":{"self":[{"href":"https:\/\/www.frankensicht.de\/index.php?rest_route=\/wp\/v2\/posts\/7955","targetHints":{"allow":["GET"]}}],"collection":[{"href":"https:\/\/www.frankensicht.de\/index.php?rest_route=\/wp\/v2\/posts"}],"about":[{"href":"https:\/\/www.frankensicht.de\/index.php?rest_route=\/wp\/v2\/types\/post"}],"author":[{"embeddable":true,"href":"https:\/\/www.frankensicht.de\/index.php?rest_route=\/wp\/v2\/users\/7"}],"replies":[{"embeddable":true,"href":"https:\/\/www.frankensicht.de\/index.php?rest_route=%2Fwp%2Fv2%2Fcomments&post=7955"}],"version-history":[{"count":0,"href":"https:\/\/www.frankensicht.de\/index.php?rest_route=\/wp\/v2\/posts\/7955\/revisions"}],"wp:featuredmedia":[{"embeddable":true,"href":"https:\/\/www.frankensicht.de\/index.php?rest_route=\/wp\/v2\/media\/1410"}],"wp:attachment":[{"href":"https:\/\/www.frankensicht.de\/index.php?rest_route=%2Fwp%2Fv2%2Fmedia&parent=7955"}],"wp:term":[{"taxonomy":"category","embeddable":true,"href":"https:\/\/www.frankensicht.de\/index.php?rest_route=%2Fwp%2Fv2%2Fcategories&post=7955"},{"taxonomy":"post_tag","embeddable":true,"href":"https:\/\/www.frankensicht.de\/index.php?rest_route=%2Fwp%2Fv2%2Ftags&post=7955"}],"curies":[{"name":"wp","href":"https:\/\/api.w.org\/{rel}","templated":true}]}}