{"id":7952,"date":"2014-12-29T09:17:34","date_gmt":"2014-12-29T08:17:34","guid":{"rendered":"http:\/\/www.frankensicht.de\/?p=7952"},"modified":"2014-12-29T09:17:34","modified_gmt":"2014-12-29T08:17:34","slug":"bayerns-gesundheitsministerin-lebensqualitaet-der-erkrankten-und-der-angehoerigen-soll-verbessert-werden","status":"publish","type":"post","link":"https:\/\/www.frankensicht.de\/?p=7952","title":{"rendered":"Bayerns Gesundheitsministerin: Lebensqualit\u00e4t der Erkrankten und der Angeh\u00f6rigen soll verbessert werden"},"content":{"rendered":"<p><span style=\"color: #ff0000;\">M\u00fcnchen:<\/span><\/p>\n<p>Huml baut 2015 Versorgung f\u00fcr Menschen mit Demenz weiter aus &#8211; Bayerns Gesundheitsministerin: Lebensqualit\u00e4t der Erkrankten und der Angeh\u00f6rigen soll verbessert werden<\/p>\n<p>Bayerns Gesundheits- und Pflegeministerin Melanie Huml wird die Versorgung f\u00fcr Menschen mit Demenzerkrankungen im neuen Jahr ausbauen. Huml betonte am Montag: &#8222;Wir f\u00f6rdern in Bayern bereits mehr als 500 niedrigschwellige Betreuungsangebote. Diese Angebote werden wir erweitern. Zudem werden wir 2015 gemeinsam mit dem Landesverband Bayern der Deutschen Alzheimergesellschaft ein Modellprojekt starten. Darin werden Sport- und Bewegungsangebote f\u00fcr Menschen mit Demenz angeboten werden.&#8220;<\/p>\n<p><a href=\"https:\/\/www.frankensicht.de\/?attachment_id=4951\" rel=\"attachment wp-att-4951\"><img loading=\"lazy\" decoding=\"async\" class=\"alignnone size-medium wp-image-4951\" src=\"https:\/\/www.frankensicht.de\/wp-content\/uploads\/2013\/01\/krankenhaus-300x187.jpg\" alt=\"krankenhaus\" width=\"300\" height=\"187\" srcset=\"https:\/\/www.frankensicht.de\/wp-content\/uploads\/2013\/01\/krankenhaus-300x187.jpg 300w, https:\/\/www.frankensicht.de\/wp-content\/uploads\/2013\/01\/krankenhaus.jpg 640w\" sizes=\"auto, (max-width: 300px) 100vw, 300px\" \/><\/a><\/p>\n<p>Die Ministerin f\u00fcgte hinzu: &#8222;Wir wollen Demenzerkrankte und deren Angeh\u00f6rige durch gezielte Ma\u00dfnahmen unterst\u00fctzen und damit ihre Lebensqualit\u00e4t verbessern. Wichtig ist f\u00fcr mich auch, dass Menschen mit Demenz in Deutschland rasch mit Menschen mit k\u00f6rperlichen Beeintr\u00e4chtigungen gleichgestellt werden. Deshalb muss der neue Pflegebed\u00fcrftigkeitsbegriff noch in dieser Legislaturperiode fl\u00e4chendeckend umgesetzt werden.&#8220;<\/p>\n<p>Sch\u00e4tzungen zufolge wird die Zahl der Menschen mit Demenzerkrankungen in Bayern in den kommenden 17 Jahren auf rund 340.000 Personen ansteigen. Derzeit sind es rund 220.000 Betroffene. Davon sind 70 Prozent Frauen.<\/p>\n<p>Huml unterstrich: &#8222;Im Rahmen der Bayerischen Demenzstrategie f\u00f6rdert das Bayerische Gesundheitsministerium bereits eine Vielzahl von Projekten f\u00fcr Demenzkranke. Ziel der Demenzstrategie ist es, einen Bewusstseinswandel in der \u00d6ffentlichkeit herbeizuf\u00fchren und das Thema aus der Tabuzone zu holen.&#8220; So wurde unter anderem ein Leitfaden f\u00fcr Krankenh\u00e4user zur verbesserten Versorgung von Patienten mit Nebendiagnose Demenz entwickelt. Dar\u00fcber hinaus werden spezielle Projekte in station\u00e4ren Altenpflegeeinrichtungen gef\u00f6rdert. Zudem werden die Betreuungsangebote im h\u00e4uslichen Bereich ausgebaut.<\/p>\n<p>Quelle: stmgp.bayern.de<\/p>\n","protected":false},"excerpt":{"rendered":"<p>M\u00fcnchen: Huml baut 2015 Versorgung f\u00fcr Menschen mit Demenz weiter aus &#8211; Bayerns Gesundheitsministerin: Lebensqualit\u00e4t der Erkrankten und der Angeh\u00f6rigen soll verbessert werden Bayerns Gesundheits- und Pflegeministerin Melanie Huml wird die Versorgung f\u00fcr Menschen mit Demenzerkrankungen im neuen Jahr ausbauen. Huml betonte am Montag: &#8222;Wir f\u00f6rdern in Bayern bereits mehr als 500 niedrigschwellige Betreuungsangebote. Diese [&hellip;]<\/p>\n","protected":false},"author":7,"featured_media":4951,"comment_status":"closed","ping_status":"open","sticky":false,"template":"","format":"standard","meta":{"footnotes":""},"categories":[78,71],"tags":[205],"class_list":["post-7952","post","type-post","status-publish","format-standard","has-post-thumbnail","hentry","category-bayern","category-menue","tag-demenz"],"_links":{"self":[{"href":"https:\/\/www.frankensicht.de\/index.php?rest_route=\/wp\/v2\/posts\/7952","targetHints":{"allow":["GET"]}}],"collection":[{"href":"https:\/\/www.frankensicht.de\/index.php?rest_route=\/wp\/v2\/posts"}],"about":[{"href":"https:\/\/www.frankensicht.de\/index.php?rest_route=\/wp\/v2\/types\/post"}],"author":[{"embeddable":true,"href":"https:\/\/www.frankensicht.de\/index.php?rest_route=\/wp\/v2\/users\/7"}],"replies":[{"embeddable":true,"href":"https:\/\/www.frankensicht.de\/index.php?rest_route=%2Fwp%2Fv2%2Fcomments&post=7952"}],"version-history":[{"count":0,"href":"https:\/\/www.frankensicht.de\/index.php?rest_route=\/wp\/v2\/posts\/7952\/revisions"}],"wp:featuredmedia":[{"embeddable":true,"href":"https:\/\/www.frankensicht.de\/index.php?rest_route=\/wp\/v2\/media\/4951"}],"wp:attachment":[{"href":"https:\/\/www.frankensicht.de\/index.php?rest_route=%2Fwp%2Fv2%2Fmedia&parent=7952"}],"wp:term":[{"taxonomy":"category","embeddable":true,"href":"https:\/\/www.frankensicht.de\/index.php?rest_route=%2Fwp%2Fv2%2Fcategories&post=7952"},{"taxonomy":"post_tag","embeddable":true,"href":"https:\/\/www.frankensicht.de\/index.php?rest_route=%2Fwp%2Fv2%2Ftags&post=7952"}],"curies":[{"name":"wp","href":"https:\/\/api.w.org\/{rel}","templated":true}]}}