{"id":7949,"date":"2014-12-23T09:59:19","date_gmt":"2014-12-23T08:59:19","guid":{"rendered":"http:\/\/www.frankensicht.de\/?p=7949"},"modified":"2014-12-23T09:59:19","modified_gmt":"2014-12-23T08:59:19","slug":"huml-dankt-pflegekraeften-fuer-engagement-bayerns-gesundheits-und-pflegeministerin-wichtiger-einsatz-auch-an-den-weihnachtsfeiertagen","status":"publish","type":"post","link":"https:\/\/www.frankensicht.de\/?p=7949","title":{"rendered":"Huml dankt Pflegekr\u00e4ften f\u00fcr Engagement &#8211; Bayerns Gesundheits- und Pflegeministerin: Wichtiger Einsatz auch an den Weihnachtsfeiertagen"},"content":{"rendered":"<p><span style=\"color: #ff0000;\">M\u00fcnchen:<\/span><\/p>\n<p>Huml dankt Pflegekr\u00e4ften f\u00fcr Engagement &#8211; Bayerns Gesundheits- und Pflegeministerin: Wichtiger Einsatz auch an den Weihnachtsfeiertagen<\/p>\n<p>Bayerns Gesundheits- und Pflegeministerin Melanie Huml hat den Pflegekr\u00e4ften f\u00fcr ihre engagierte Arbeit auch an den Weihnachtsfeiertagen gedankt. Huml betonte am Dienstag: &#8222;In einer \u00e4lter werdenden Gesellschaft gewinnt die Unterst\u00fctzung von pflegebed\u00fcrftigen Menschen immer mehr an Bedeutung. Pflegekr\u00e4fte zeigen dabei einen vorbildlichen Einsatz. F\u00fcr diese wichtige gesellschaftliche Leistung m\u00f6chte ich mich ganz herzlich bedanken.&#8220;<\/p>\n<p><a href=\"https:\/\/www.frankensicht.de\/?attachment_id=4951\" rel=\"attachment wp-att-4951\"><img loading=\"lazy\" decoding=\"async\" class=\"alignnone size-medium wp-image-4951\" src=\"https:\/\/www.frankensicht.de\/wp-content\/uploads\/2013\/01\/krankenhaus-300x187.jpg\" alt=\"krankenhaus\" width=\"300\" height=\"187\" srcset=\"https:\/\/www.frankensicht.de\/wp-content\/uploads\/2013\/01\/krankenhaus-300x187.jpg 300w, https:\/\/www.frankensicht.de\/wp-content\/uploads\/2013\/01\/krankenhaus.jpg 640w\" sizes=\"auto, (max-width: 300px) 100vw, 300px\" \/><\/a><\/p>\n<p>Die Ministerin f\u00fcgte hinzu: &#8222;Klar ist auch: Der Pflegeberuf muss f\u00fcr junge Menschen attraktiver werden. Dazu geh\u00f6ren bessere Arbeitsbedingungen. Notwendig ist neben einer angemessenen Bezahlung mehr Personal in der Pflege.&#8220; F\u00fcr eine Entlastung der Pflegenden hat die Landespflegesatzkommission den Personalschl\u00fcssel auf Initiative des Bayerischen Gesundheitsministeriums zum Januar 2014 bereits erh\u00f6ht. So kann ein Durchschnitts-Pflegeheim mit 80 Pl\u00e4tzen zwei zus\u00e4tzliche Mitarbeiter anstellen. Mit dem Pflegest\u00e4rkungsgesetz k\u00f6nnen die Einrichtungen ab dem kommenden Jahr zus\u00e4tzliche Betreuungskr\u00e4fte besch\u00e4ftigen.<\/p>\n<p>Huml unterstrich zugleich: &#8222;Bayern setzt sich seit langem daf\u00fcr ein, die Dokumentationspflichten in der Pflege auf das Notwendigste zu reduzieren. Denn: Wir brauchen in der Pflege mehr Zeit f\u00fcr die Arbeit an den Menschen. Der bisherige Dokumentationsaufwand ist f\u00fcr viele Pflegekr\u00e4fte eine gro\u00dfe Belastung. Mein Ziel sind au\u00dferdem bessere Rahmenbedingungen in der Pflegeausbildung.&#8220;<\/p>\n<p>Mit der &#8222;HERZWERKER&#8220;-Kampagne der Bayerischen Staatsregierung konnten bereits viele junge Menschen f\u00fcr den Pflegebereich gewonnen werden. Seit 2009 sind die Ausbildungszahlen in Bayern um rund 25 Prozent gestiegen. Im Rahmen eines F\u00fcnf-Punkte-Plans Ausbildung soll die erfolgreiche Kampagne weiter ausgebaut werden. Daneben und neben der Reduzierung von Dokumentationsanforderungen hat dieser Plan eine Ausbildungsumlage und eine bessere Sicherstellung der Praxisanleitung sowie ein Projekt zur Reduzierung von Ausbildungsabbr\u00fcchen zum Gegenstand.<\/p>\n<p>Quelle: stmgp.bayern.de<\/p>\n","protected":false},"excerpt":{"rendered":"<p>M\u00fcnchen: Huml dankt Pflegekr\u00e4ften f\u00fcr Engagement &#8211; Bayerns Gesundheits- und Pflegeministerin: Wichtiger Einsatz auch an den Weihnachtsfeiertagen Bayerns Gesundheits- und Pflegeministerin Melanie Huml hat den Pflegekr\u00e4ften f\u00fcr ihre engagierte Arbeit auch an den Weihnachtsfeiertagen gedankt. Huml betonte am Dienstag: &#8222;In einer \u00e4lter werdenden Gesellschaft gewinnt die Unterst\u00fctzung von pflegebed\u00fcrftigen Menschen immer mehr an Bedeutung. Pflegekr\u00e4fte [&hellip;]<\/p>\n","protected":false},"author":7,"featured_media":4951,"comment_status":"closed","ping_status":"open","sticky":false,"template":"","format":"standard","meta":{"footnotes":""},"categories":[78,71],"tags":[1575],"class_list":["post-7949","post","type-post","status-publish","format-standard","has-post-thumbnail","hentry","category-bayern","category-menue","tag-pflegekraefte"],"_links":{"self":[{"href":"https:\/\/www.frankensicht.de\/index.php?rest_route=\/wp\/v2\/posts\/7949","targetHints":{"allow":["GET"]}}],"collection":[{"href":"https:\/\/www.frankensicht.de\/index.php?rest_route=\/wp\/v2\/posts"}],"about":[{"href":"https:\/\/www.frankensicht.de\/index.php?rest_route=\/wp\/v2\/types\/post"}],"author":[{"embeddable":true,"href":"https:\/\/www.frankensicht.de\/index.php?rest_route=\/wp\/v2\/users\/7"}],"replies":[{"embeddable":true,"href":"https:\/\/www.frankensicht.de\/index.php?rest_route=%2Fwp%2Fv2%2Fcomments&post=7949"}],"version-history":[{"count":0,"href":"https:\/\/www.frankensicht.de\/index.php?rest_route=\/wp\/v2\/posts\/7949\/revisions"}],"wp:featuredmedia":[{"embeddable":true,"href":"https:\/\/www.frankensicht.de\/index.php?rest_route=\/wp\/v2\/media\/4951"}],"wp:attachment":[{"href":"https:\/\/www.frankensicht.de\/index.php?rest_route=%2Fwp%2Fv2%2Fmedia&parent=7949"}],"wp:term":[{"taxonomy":"category","embeddable":true,"href":"https:\/\/www.frankensicht.de\/index.php?rest_route=%2Fwp%2Fv2%2Fcategories&post=7949"},{"taxonomy":"post_tag","embeddable":true,"href":"https:\/\/www.frankensicht.de\/index.php?rest_route=%2Fwp%2Fv2%2Ftags&post=7949"}],"curies":[{"name":"wp","href":"https:\/\/api.w.org\/{rel}","templated":true}]}}