{"id":7941,"date":"2014-12-21T09:25:22","date_gmt":"2014-12-21T08:25:22","guid":{"rendered":"http:\/\/www.frankensicht.de\/?p=7941"},"modified":"2014-12-29T09:14:59","modified_gmt":"2014-12-29T08:14:59","slug":"bayerns-justizminister-spricht-im-bundesrat-zur-reform-des-sexualstrafrechts","status":"publish","type":"post","link":"https:\/\/www.frankensicht.de\/?p=7941","title":{"rendered":"Bayerns Justizminister spricht im Bundesrat zur Reform des Sexualstrafrechts"},"content":{"rendered":"<p><span style=\"color: #ff0000;\">M\u00fcnchen:<\/span><\/p>\n<p>Bayerns Justizminister spricht im Bundesrat zur Reform des Sexualstrafrechts \/ Bausback: &#8222;Wichtiger Schritt f\u00fcr einen wirksamen und zugleich ausgewogenen Opferschutz.&#8220;<br \/>\nIn seiner heutigen Sitzung befasst sich der Bundesrat mit der Reform des Sexualstrafrechts, auf die sich die Gro\u00dfe Koalition geeinigt hat. Bayerns Justizminister Prof. Dr. Winfried Bausback dazu heute im Bundesrat: &#8222;Die Reform ist ein richtiger und wichtiger Schritt &amp;ndash; sie hat europ\u00e4ische Vorgaben ebenso im Blick wie einen wirksamen und zugleich ausgewogenen Opferschutz.&#8220;<\/p>\n<p><a href=\"https:\/\/www.frankensicht.de\/?attachment_id=1410\" rel=\"attachment wp-att-1410\"><img loading=\"lazy\" decoding=\"async\" class=\"alignnone size-medium wp-image-1410\" src=\"https:\/\/www.frankensicht.de\/wp-content\/uploads\/2012\/05\/paragraf-300x187.jpg\" alt=\"paragraf\" width=\"300\" height=\"187\" srcset=\"https:\/\/www.frankensicht.de\/wp-content\/uploads\/2012\/05\/paragraf-300x187.jpg 300w, https:\/\/www.frankensicht.de\/wp-content\/uploads\/2012\/05\/paragraf.jpg 640w\" sizes=\"auto, (max-width: 300px) 100vw, 300px\" \/><\/a><\/p>\n<p>Der Umstand einer Koalitionsregierung, die naturgem\u00e4\u00df die Notwendigkeit mit sich bringe, Kompromisse zu schlie\u00dfen, habe sich bei dieser Reform als gro\u00dfer Vorteil erwiesen, so der bayerische Justizminister. Denn der urspr\u00fcngliche Entwurf des Bundesjustizministers sei in wesentlichen Teilen \u00fcberarbeitungsbed\u00fcrftig gewesen. Bausback: &#8222;An manchen Punkten sprang der Entwurf zu kurz. An anderen schoss er dagegen deutlich \u00fcber das Ziel hinaus. Durch die Verhandlungen und Vorschl\u00e4ge der Unionsseite ist es nun gelungen, dem urspr\u00fcnglichen Entwurf \u00fcbertriebene Sch\u00e4rfen zu nehmen.&#8220;<\/p>\n<p>Laut Bausback betrifft dies insbesondere die Verbesserungen beim strafrechtlichen Pers\u00f6nlichkeitsschutz bei Bildaufnahmen. Zwar h\u00e4tten sich bei der Bek\u00e4mpfung eines Handels mit Nacktaufnahmen von Kindern wesentliche Strafbarkeitsl\u00fccken gezeigt, die zweifelsohne dringend geschlossen werden m\u00fcssten. Nach dem urspr\u00fcnglichen Entwurf w\u00e4re aber jedwede Aufnahme nackter Personen situationsunabh\u00e4ngig und ganz allgemein kriminalisiert worden. &#8222;Das geht deutlich zu weit. Wirklich harmlose Alltagssituationen sollen und d\u00fcrfen nicht vom Strafrecht erfasst sein&#8220;, so Bausback. &#8222;Es ist erfreulich, dass der Bundestag hier nachjustiert und eine vern\u00fcnftige Regelung gefunden hat. Ankn\u00fcpfend an den bayerischen Gesetzentwurf soll die neue Bestimmung gezielt einen Marktplatz zum Handel und Austausch von Nacktaufnahmen Minderj\u00e4hriger verhindern. F\u00fcr sozialad\u00e4quate Handlungsformen, also etwa wenn Eltern Fotos von ihren nackt planschenden Kindern machen, ist eine Ausnahmeregelung vorgesehen. Das ist der richtige Weg.&#8220;<\/p>\n<p>Wichtige Verbesserungen haben sich in den Beratungen des Bundestages dar\u00fcber hinaus im Bereich der Kinderpornografie ergeben. &#8222;Auch hier wurde der bayerische Vorschlag aufgegriffen&#8220;, so Bausback. &#8222;Durch die Erweiterung des Begriffs der kinderpornografischen Schriften auf Bildaufnahmen, die zwar keine sexuellen Handlungen zeigen, aber die sexuell aufreizende Darstellung der unbekleideten Genitalien oder des unbekleideten Ges\u00e4\u00dfes eines Kindes, hat man Schutzl\u00fccken geschlossen &#8211; und so nicht nur europarechtlichen Vorgaben Gen\u00fcge getan, sondern vor allem auch den Schutz von Kindern vor Missbrauch wesentlich verbessert!&#8220;<\/p>\n<p>Abschlie\u00dfend zeigt sich der bayerische Justizminister zufrieden mit dem erreichten Ergebnis: &#8222;Bayerische Vorstellungen haben sich durchgesetzt. Wir haben jetzt ein stimmiges Regelungskonzept, das ein hohes Schutzniveau zu Gunsten der Opfer sexueller \u00dcbergriffe sichert.&#8220;<\/p>\n<p>Quelle: stmj.bayern.de<\/p>\n","protected":false},"excerpt":{"rendered":"<p>M\u00fcnchen: Bayerns Justizminister spricht im Bundesrat zur Reform des Sexualstrafrechts \/ Bausback: &#8222;Wichtiger Schritt f\u00fcr einen wirksamen und zugleich ausgewogenen Opferschutz.&#8220; In seiner heutigen Sitzung befasst sich der Bundesrat mit der Reform des Sexualstrafrechts, auf die sich die Gro\u00dfe Koalition geeinigt hat. Bayerns Justizminister Prof. Dr. Winfried Bausback dazu heute im Bundesrat: &#8222;Die Reform ist [&hellip;]<\/p>\n","protected":false},"author":7,"featured_media":1410,"comment_status":"closed","ping_status":"open","sticky":false,"template":"","format":"standard","meta":{"footnotes":""},"categories":[78,71],"tags":[1655],"class_list":["post-7941","post","type-post","status-publish","format-standard","has-post-thumbnail","hentry","category-bayern","category-menue","tag-sexualrecht"],"_links":{"self":[{"href":"https:\/\/www.frankensicht.de\/index.php?rest_route=\/wp\/v2\/posts\/7941","targetHints":{"allow":["GET"]}}],"collection":[{"href":"https:\/\/www.frankensicht.de\/index.php?rest_route=\/wp\/v2\/posts"}],"about":[{"href":"https:\/\/www.frankensicht.de\/index.php?rest_route=\/wp\/v2\/types\/post"}],"author":[{"embeddable":true,"href":"https:\/\/www.frankensicht.de\/index.php?rest_route=\/wp\/v2\/users\/7"}],"replies":[{"embeddable":true,"href":"https:\/\/www.frankensicht.de\/index.php?rest_route=%2Fwp%2Fv2%2Fcomments&post=7941"}],"version-history":[{"count":0,"href":"https:\/\/www.frankensicht.de\/index.php?rest_route=\/wp\/v2\/posts\/7941\/revisions"}],"wp:featuredmedia":[{"embeddable":true,"href":"https:\/\/www.frankensicht.de\/index.php?rest_route=\/wp\/v2\/media\/1410"}],"wp:attachment":[{"href":"https:\/\/www.frankensicht.de\/index.php?rest_route=%2Fwp%2Fv2%2Fmedia&parent=7941"}],"wp:term":[{"taxonomy":"category","embeddable":true,"href":"https:\/\/www.frankensicht.de\/index.php?rest_route=%2Fwp%2Fv2%2Fcategories&post=7941"},{"taxonomy":"post_tag","embeddable":true,"href":"https:\/\/www.frankensicht.de\/index.php?rest_route=%2Fwp%2Fv2%2Ftags&post=7941"}],"curies":[{"name":"wp","href":"https:\/\/api.w.org\/{rel}","templated":true}]}}