{"id":7928,"date":"2014-12-18T10:42:44","date_gmt":"2014-12-18T09:42:44","guid":{"rendered":"http:\/\/www.frankensicht.de\/?p=7928"},"modified":"2014-12-18T10:42:44","modified_gmt":"2014-12-18T09:42:44","slug":"johann-dietrich-woerner-generaldirektor-der-europaeischen-weltraumorganisation-esa","status":"publish","type":"post","link":"https:\/\/www.frankensicht.de\/?p=7928","title":{"rendered":"Johann-Dietrich W\u00f6rner  Generaldirektor der Europ\u00e4ischen Weltraumorganisation ESA"},"content":{"rendered":"<p><span style=\"color: #ff0000;\">Berlin:<\/span><\/p>\n<p>Zypries begr\u00fc\u00dft Wahl von Johann-Dietrich W\u00f6rner zum n\u00e4chsten Generaldirektor der<br \/>\nEurop\u00e4ischen Weltraumorganisation ESA<\/p>\n<p><a href=\"https:\/\/www.frankensicht.de\/?attachment_id=6571\" rel=\"attachment wp-att-6571\"><img loading=\"lazy\" decoding=\"async\" class=\"alignnone size-medium wp-image-6571\" src=\"https:\/\/www.frankensicht.de\/wp-content\/uploads\/2013\/12\/euro-fahne-300x200.jpg\" alt=\"euro-fahne\" width=\"300\" height=\"200\" srcset=\"https:\/\/www.frankensicht.de\/wp-content\/uploads\/2013\/12\/euro-fahne-300x200.jpg 300w, https:\/\/www.frankensicht.de\/wp-content\/uploads\/2013\/12\/euro-fahne-220x146.jpg 220w, https:\/\/www.frankensicht.de\/wp-content\/uploads\/2013\/12\/euro-fahne.jpg 794w\" sizes=\"auto, (max-width: 300px) 100vw, 300px\" \/><\/a><\/p>\n<p>Auf dem heutigen Treffen der Mitgliedsstaaten der Europ\u00e4ischen<br \/>\nWeltraumorganisation ESA in Paris wurde Prof. Dr.-Ing. Johann-Dietrich W\u00f6rner,<br \/>\nVorstandsvorsitzender des Deutschen Zentrums f\u00fcr Luft- und Raumfahrt e.V. (DLR),<br \/>\nzum neuen Generaldirektor der ESA gew\u00e4hlt. Gegenw\u00e4rtig wird die Funktion von dem<br \/>\nFranzosen Jean-Jaques Dordain wahrgenommen, dessen Nachfolge Prof. W\u00f6rner im Juli<br \/>\n2015 antreten wird.<\/p>\n<p>Die Parlamentarische Staatssekret\u00e4rin und Koordinatorin der Bundesregierung f\u00fcr<br \/>\ndie deutsche Luft- und Raumfahrt, Brigitte Zypries: &#8222;Ich gratuliere Prof.<br \/>\nJohann-Dietrich W\u00f6rner sehr herzlich und freue mich, dass der Wunschkandidat der<br \/>\nBundesregierung so \u00fcberzeugend gew\u00e4hlt wurde. Prof. W\u00f6rner verf\u00fcgt durch seine<br \/>\nlangj\u00e4hrige T\u00e4tigkeit als Vorstandsvorsitzender des Deutschen Zentrums f\u00fcr Luft-<br \/>\nund Raumfahrt und als Vorsitzender des ESA-Rats auf Delegationsebene \u00fcber eine<br \/>\nhervorragende themen\u00fcbergreifende Expertise. Er wird der ESA das notwendige<br \/>\nGewicht verleihen.&#8220;<\/p>\n<p>Die Bundesregierung hatte sich f\u00fcr Prof. W\u00f6rner eingesetzt, da er die ganze<br \/>\nBandbreite der Raumfahrt<br \/>\n&lt;http:\/\/www.bmwi.de\/DE\/Themen\/Technologie\/Schluesseltechnologien\/raumfahrt.html&gt;<br \/>\nkennt und international ausgezeichnet vernetzt ist. Der Bauingenieur war vor<br \/>\nseiner achtj\u00e4hrigen Zeit als Vorstandsvorsitzender des DLR<br \/>\n&lt;http:\/\/www.dlr.de\/dlr\/desktopdefault.aspx\/tabid-10329\/510_read-204&gt; Pr\u00e4sident<br \/>\nder Technischen Universit\u00e4t Darmstadt.<\/p>\n<p>Die ESA ist f\u00fcr die deutsche Luft- und Raumfahrtpolitik eine Institution von<br \/>\nzentraler Bedeutung. Die ESA f\u00f6rdert und koordiniert die Entwicklung der<br \/>\neurop\u00e4ischen Raumfahrt. Das Budget der ESA lag 2014 bei ca. 4,1 Mrd. Euro.<\/p>\n<p>Quelle: bwmi.bund.de<\/p>\n<p>&nbsp;<\/p>\n","protected":false},"excerpt":{"rendered":"<p>Berlin: Zypries begr\u00fc\u00dft Wahl von Johann-Dietrich W\u00f6rner zum n\u00e4chsten Generaldirektor der Europ\u00e4ischen Weltraumorganisation ESA Auf dem heutigen Treffen der Mitgliedsstaaten der Europ\u00e4ischen Weltraumorganisation ESA in Paris wurde Prof. Dr.-Ing. Johann-Dietrich W\u00f6rner, Vorstandsvorsitzender des Deutschen Zentrums f\u00fcr Luft- und Raumfahrt e.V. (DLR), zum neuen Generaldirektor der ESA gew\u00e4hlt. Gegenw\u00e4rtig wird die Funktion von dem Franzosen Jean-Jaques [&hellip;]<\/p>\n","protected":false},"author":7,"featured_media":6571,"comment_status":"closed","ping_status":"open","sticky":false,"template":"","format":"standard","meta":{"footnotes":""},"categories":[44,3],"tags":[1651],"class_list":["post-7928","post","type-post","status-publish","format-standard","has-post-thumbnail","hentry","category-deutschland-2","category-news","tag-esa"],"_links":{"self":[{"href":"https:\/\/www.frankensicht.de\/index.php?rest_route=\/wp\/v2\/posts\/7928","targetHints":{"allow":["GET"]}}],"collection":[{"href":"https:\/\/www.frankensicht.de\/index.php?rest_route=\/wp\/v2\/posts"}],"about":[{"href":"https:\/\/www.frankensicht.de\/index.php?rest_route=\/wp\/v2\/types\/post"}],"author":[{"embeddable":true,"href":"https:\/\/www.frankensicht.de\/index.php?rest_route=\/wp\/v2\/users\/7"}],"replies":[{"embeddable":true,"href":"https:\/\/www.frankensicht.de\/index.php?rest_route=%2Fwp%2Fv2%2Fcomments&post=7928"}],"version-history":[{"count":0,"href":"https:\/\/www.frankensicht.de\/index.php?rest_route=\/wp\/v2\/posts\/7928\/revisions"}],"wp:featuredmedia":[{"embeddable":true,"href":"https:\/\/www.frankensicht.de\/index.php?rest_route=\/wp\/v2\/media\/6571"}],"wp:attachment":[{"href":"https:\/\/www.frankensicht.de\/index.php?rest_route=%2Fwp%2Fv2%2Fmedia&parent=7928"}],"wp:term":[{"taxonomy":"category","embeddable":true,"href":"https:\/\/www.frankensicht.de\/index.php?rest_route=%2Fwp%2Fv2%2Fcategories&post=7928"},{"taxonomy":"post_tag","embeddable":true,"href":"https:\/\/www.frankensicht.de\/index.php?rest_route=%2Fwp%2Fv2%2Ftags&post=7928"}],"curies":[{"name":"wp","href":"https:\/\/api.w.org\/{rel}","templated":true}]}}