{"id":7925,"date":"2014-12-17T12:12:59","date_gmt":"2014-12-17T11:12:59","guid":{"rendered":"http:\/\/www.frankensicht.de\/?p=7925"},"modified":"2014-12-17T12:13:09","modified_gmt":"2014-12-17T11:13:09","slug":"bundesfamilienministerin-manuela-schwesig-und-die-stellv-dgb-vorsitzende-elke-hannack-fordern-familienbewusstere-arbeitszeiten","status":"publish","type":"post","link":"https:\/\/www.frankensicht.de\/?p=7925","title":{"rendered":"Bundesfamilienministerin Manuela Schwesig und die stellv. DGB-Vorsitzende Elke Hannack fordern familienbewusstere Arbeitszeiten"},"content":{"rendered":"<p><span style=\"color: #ff0000;\">Berlin:<\/span><\/p>\n<p>Bundesfamilienministerin Manuela Schwesig und die stellv. DGB-Vorsitzende Elke<br \/>\nHannack fordern familienbewusstere Arbeitszeiten<br \/>\nAnl\u00e4sslich der familienpolitischen Tagung des DGB heute (Mittwoch) in Berlin<br \/>\nhaben die Bundesministerin f\u00fcr Familie, Senioren, Frauen und Jugend, Manuela<br \/>\nSchwesig und die stellvertretende DGB-Vorsitzende Elke Hannack angek\u00fcndigt, sich<br \/>\ngemeinsam f\u00fcr mehr Arbeitszeitsouver\u00e4nit\u00e4t von Besch\u00e4ftigten einzusetzen.<\/p>\n<p><a href=\"https:\/\/www.frankensicht.de\/?attachment_id=6933\" rel=\"attachment wp-att-6933\"><img loading=\"lazy\" decoding=\"async\" class=\"alignnone size-medium wp-image-6933\" src=\"https:\/\/www.frankensicht.de\/wp-content\/uploads\/2014\/03\/elektroschrott-300x225.jpg\" alt=\"elektroschrott\" width=\"300\" height=\"225\" srcset=\"https:\/\/www.frankensicht.de\/wp-content\/uploads\/2014\/03\/elektroschrott-300x225.jpg 300w, https:\/\/www.frankensicht.de\/wp-content\/uploads\/2014\/03\/elektroschrott.jpg 640w\" sizes=\"auto, (max-width: 300px) 100vw, 300px\" \/><\/a><\/p>\n<p>Bundesministerin Manuela Schwesig betonte dabei das gemeinsame Interesse von<br \/>\nPolitik, Wirtschaft und Gewerkschaften:<\/p>\n<p>&#8222;Immer mehr Menschen w\u00fcnschen sich Zeit f\u00fcr die Familie, aber auch Zeit f\u00fcr den<br \/>\nBeruf. Dieser Wunsch nach mehr Zeitsouver\u00e4nit\u00e4t ist ein klarer Auftrag an alle<br \/>\nVerantwortlichen, Arbeitszeitmodelle innovativer zu gestalten. Familienbewusste<br \/>\nArbeitszeiten geben den Familien mehr Flexibilit\u00e4t und helfen gleichzeitig den<br \/>\nUnternehmen, Fachkr\u00e4fte zu halten. Daher mache ich mich weiterhin stark f\u00fcr eine<br \/>\nFamilienarbeitszeit, in der beide Elternteile in vollzeitnahen Modellen arbeiten<br \/>\nk\u00f6nnen. Mit dem Ausbau der Kinderbetreuung, dem neuen ElterngeldPlus und der<br \/>\nFamilienpflegezeit haben wir bereits die ersten wichtigen Schritte f\u00fcr eine<br \/>\npartnerschaftliche Vereinbarkeit von Familie und Beruf gemacht.&#8220;<\/p>\n<p>&#8222;Ein Gro\u00dfteil der Besch\u00e4ftigten hat zu wenig Einfluss auf Lage und Umfang der<br \/>\nArbeitszeit. \u00dcberstunden sind f\u00fcr viele an der Tagesordnung&#8220;, so die<br \/>\nstellvertretende DGB-Vorsitzende Elke Hannack. &#8222;Der DGB begr\u00fc\u00dft deshalb die von<br \/>\nMinisterin Schwesig angesto\u00dfene Debatte zur Familienarbeitszeit. Eltern m\u00fcssen<br \/>\nihre Arbeitszeiten flexibler an die jeweiligen Bed\u00fcrfnisse anpassen k\u00f6nnen.<br \/>\nM\u00fctter und V\u00e4ter m\u00fcssen auch h\u00e4ufiger von zu Hause aus arbeiten k\u00f6nnen.&#8220;<\/p>\n<p>Gewerkschafter\/innen und Betriebs- und Personalr\u00e4te diskutieren auf der<br \/>\nDGB-Tagung, wie sich lebensphasenorientierte und familienbewusste<br \/>\nArbeitszeitmodelle besser umsetzen lassen. Gesetzliche Rahmenbedingungen sowie<br \/>\nRegelungen in den Branchen und Betrieben sind notwendig, damit Phasen k\u00fcrzerer<br \/>\nArbeitszeiten nicht automatisch zu Nachteilen f\u00fcr die Betroffenen f\u00fchren. Ziel<br \/>\neiner lebensphasenorientierten Personalpolitik muss sein, den Lebenswegen der<br \/>\nBesch\u00e4ftigten besser gerecht zu werden.<\/p>\n<p>Anl\u00e4sslich der Tagung wurde auch die Verl\u00e4ngerung des gemeinsamen<br \/>\nKooperationsprojektes &#8222;Familie und Beruf gestalten!&#8220; bekannt gegeben. Mit dem<br \/>\nProjekt werden seit 2007 Betriebs- und Personalr\u00e4te geschult, um die Umsetzung<br \/>\nvon familienfreundlichen Arbeitsbedingungen in den Betrieben zu f\u00f6rdern und<br \/>\nkonkret zu verankern.<\/p>\n<p>Quelle: bmfsfj.bayern.de<\/p>\n<p>&nbsp;<\/p>\n","protected":false},"excerpt":{"rendered":"<p>Berlin: Bundesfamilienministerin Manuela Schwesig und die stellv. DGB-Vorsitzende Elke Hannack fordern familienbewusstere Arbeitszeiten Anl\u00e4sslich der familienpolitischen Tagung des DGB heute (Mittwoch) in Berlin haben die Bundesministerin f\u00fcr Familie, Senioren, Frauen und Jugend, Manuela Schwesig und die stellvertretende DGB-Vorsitzende Elke Hannack angek\u00fcndigt, sich gemeinsam f\u00fcr mehr Arbeitszeitsouver\u00e4nit\u00e4t von Besch\u00e4ftigten einzusetzen. Bundesministerin Manuela Schwesig betonte dabei das [&hellip;]<\/p>\n","protected":false},"author":7,"featured_media":6933,"comment_status":"closed","ping_status":"open","sticky":false,"template":"","format":"standard","meta":{"footnotes":""},"categories":[44,71],"tags":[1650],"class_list":["post-7925","post","type-post","status-publish","format-standard","has-post-thumbnail","hentry","category-deutschland-2","category-menue","tag-dgb"],"_links":{"self":[{"href":"https:\/\/www.frankensicht.de\/index.php?rest_route=\/wp\/v2\/posts\/7925","targetHints":{"allow":["GET"]}}],"collection":[{"href":"https:\/\/www.frankensicht.de\/index.php?rest_route=\/wp\/v2\/posts"}],"about":[{"href":"https:\/\/www.frankensicht.de\/index.php?rest_route=\/wp\/v2\/types\/post"}],"author":[{"embeddable":true,"href":"https:\/\/www.frankensicht.de\/index.php?rest_route=\/wp\/v2\/users\/7"}],"replies":[{"embeddable":true,"href":"https:\/\/www.frankensicht.de\/index.php?rest_route=%2Fwp%2Fv2%2Fcomments&post=7925"}],"version-history":[{"count":0,"href":"https:\/\/www.frankensicht.de\/index.php?rest_route=\/wp\/v2\/posts\/7925\/revisions"}],"wp:featuredmedia":[{"embeddable":true,"href":"https:\/\/www.frankensicht.de\/index.php?rest_route=\/wp\/v2\/media\/6933"}],"wp:attachment":[{"href":"https:\/\/www.frankensicht.de\/index.php?rest_route=%2Fwp%2Fv2%2Fmedia&parent=7925"}],"wp:term":[{"taxonomy":"category","embeddable":true,"href":"https:\/\/www.frankensicht.de\/index.php?rest_route=%2Fwp%2Fv2%2Fcategories&post=7925"},{"taxonomy":"post_tag","embeddable":true,"href":"https:\/\/www.frankensicht.de\/index.php?rest_route=%2Fwp%2Fv2%2Ftags&post=7925"}],"curies":[{"name":"wp","href":"https:\/\/api.w.org\/{rel}","templated":true}]}}