{"id":7911,"date":"2014-12-13T08:18:13","date_gmt":"2014-12-13T07:18:13","guid":{"rendered":"http:\/\/www.frankensicht.de\/?p=7911"},"modified":"2014-12-13T08:18:13","modified_gmt":"2014-12-13T07:18:13","slug":"gluecksfall-fuer-den-forschungsstandort-bayern","status":"publish","type":"post","link":"https:\/\/www.frankensicht.de\/?p=7911","title":{"rendered":"Gl\u00fccksfall f\u00fcr den Forschungsstandort Bayern"},"content":{"rendered":"<p><span style=\"color: #ff0000;\">M\u00fcnchen:<\/span><\/p>\n<p>&#8222;Gl\u00fccksfall f\u00fcr den Forschungsstandort Bayern&#8220; &#8211; Wissenschaftsminister Spaenle gratuliert Biophysikprofessor Hendrik Dietz zum Leibniz-Preis 2015 der DFG<br \/>\n&#8222;Professor Hendrik Dietz ist einer der renommiertesten Biochemiker und Biophysiker Bayerns und geh\u00f6rt zu den weltweit f\u00fchrenden Forschern im Feld der biomolekularen Nanotechnologie. Dass es der TU M\u00fcnchen gelungen ist, ihn bereits im Jahr 2009 von der Harvard Medical School auf eine Professur f\u00fcr Biophysik zu gewinnen, erweist sich nicht nur mit Blick auf diese Auszeichnung als Gl\u00fccksfall f\u00fcr den Forschungsstandort Bayern. Ich gratuliere Professor Dietz daher ganz herzlich und freue mich, dass er der TU M\u00fcnchen durch die \u00dcbernahme des Lehrstuhls f\u00fcr Biomolekulare Nanotechnologie auch in Zukunft verbunden bleibt&#8220;, w\u00fcrdigte Wissenschaftsminister Dr. Ludwig Spaenle die Auszeichnung des j\u00fcngsten Leibniz-Preistr\u00e4gers im Jahr 2015.<br \/>\nDer 36-j\u00e4hrige Hendrik Dietz promovierte 2007 an der TU M\u00fcnchen und wirkte zwei Jahre an der Harvard Medical School, bevor er 2009 als Professor an die TUM zur\u00fcckkehrte. Die Arbeit von Hendrik Dietz ist von besonderer Relevanz, weil sie sich sowohl der Grundlagenforschung als auch der praktischen Anwendbarkeit nanotechnologischer Komponenten aus DNA widmet.<br \/>\n.Der mit 2,5 Mio. Euro Preisgeld dotierte Leibniz-Preis ist einer der wichtigsten deutschen Wissenschafts-F\u00f6rderpreise. 2015 erhielten acht Wissenschaftler die Auszeichnung.<\/p>\n<p>Quelle: stmbw.bayern.de<\/p>\n<p><a href=\"https:\/\/www.frankensicht.de\/?attachment_id=7077\" rel=\"attachment wp-att-7077\"><img loading=\"lazy\" decoding=\"async\" class=\"alignnone size-full wp-image-7077\" src=\"https:\/\/www.frankensicht.de\/wp-content\/uploads\/2014\/04\/IMG_2911.jpg\" alt=\"IMG_2911\" width=\"258\" height=\"171\" srcset=\"https:\/\/www.frankensicht.de\/wp-content\/uploads\/2014\/04\/IMG_2911.jpg 258w, https:\/\/www.frankensicht.de\/wp-content\/uploads\/2014\/04\/IMG_2911-220x146.jpg 220w\" sizes=\"auto, (max-width: 258px) 100vw, 258px\" \/><\/a><\/p>\n","protected":false},"excerpt":{"rendered":"<p>M\u00fcnchen: &#8222;Gl\u00fccksfall f\u00fcr den Forschungsstandort Bayern&#8220; &#8211; Wissenschaftsminister Spaenle gratuliert Biophysikprofessor Hendrik Dietz zum Leibniz-Preis 2015 der DFG &#8222;Professor Hendrik Dietz ist einer der renommiertesten Biochemiker und Biophysiker Bayerns und geh\u00f6rt zu den weltweit f\u00fchrenden Forschern im Feld der biomolekularen Nanotechnologie. Dass es der TU M\u00fcnchen gelungen ist, ihn bereits im Jahr 2009 von der [&hellip;]<\/p>\n","protected":false},"author":7,"featured_media":7077,"comment_status":"closed","ping_status":"open","sticky":false,"template":"","format":"standard","meta":{"footnotes":""},"categories":[78,71],"tags":[407],"class_list":["post-7911","post","type-post","status-publish","format-standard","has-post-thumbnail","hentry","category-bayern","category-menue","tag-forschung"],"_links":{"self":[{"href":"https:\/\/www.frankensicht.de\/index.php?rest_route=\/wp\/v2\/posts\/7911","targetHints":{"allow":["GET"]}}],"collection":[{"href":"https:\/\/www.frankensicht.de\/index.php?rest_route=\/wp\/v2\/posts"}],"about":[{"href":"https:\/\/www.frankensicht.de\/index.php?rest_route=\/wp\/v2\/types\/post"}],"author":[{"embeddable":true,"href":"https:\/\/www.frankensicht.de\/index.php?rest_route=\/wp\/v2\/users\/7"}],"replies":[{"embeddable":true,"href":"https:\/\/www.frankensicht.de\/index.php?rest_route=%2Fwp%2Fv2%2Fcomments&post=7911"}],"version-history":[{"count":0,"href":"https:\/\/www.frankensicht.de\/index.php?rest_route=\/wp\/v2\/posts\/7911\/revisions"}],"wp:featuredmedia":[{"embeddable":true,"href":"https:\/\/www.frankensicht.de\/index.php?rest_route=\/wp\/v2\/media\/7077"}],"wp:attachment":[{"href":"https:\/\/www.frankensicht.de\/index.php?rest_route=%2Fwp%2Fv2%2Fmedia&parent=7911"}],"wp:term":[{"taxonomy":"category","embeddable":true,"href":"https:\/\/www.frankensicht.de\/index.php?rest_route=%2Fwp%2Fv2%2Fcategories&post=7911"},{"taxonomy":"post_tag","embeddable":true,"href":"https:\/\/www.frankensicht.de\/index.php?rest_route=%2Fwp%2Fv2%2Ftags&post=7911"}],"curies":[{"name":"wp","href":"https:\/\/api.w.org\/{rel}","templated":true}]}}