{"id":7903,"date":"2014-12-12T09:25:37","date_gmt":"2014-12-12T08:25:37","guid":{"rendered":"http:\/\/www.frankensicht.de\/?p=7903"},"modified":"2014-12-12T09:25:37","modified_gmt":"2014-12-12T08:25:37","slug":"wir-muessen-mit-den-amerikanern-ueber-unsere-vorstellungen-von-ttip-sprechen","status":"publish","type":"post","link":"https:\/\/www.frankensicht.de\/?p=7903","title":{"rendered":"Wir m\u00fcssen mit den Amerikanern \u00fcber unsere Vorstellungen von TTIP sprechen"},"content":{"rendered":"<p><span style=\"color: #ff0000;\">Berlin:<\/span><\/p>\n<p>\u201eWir m\u00fcssen mit den Amerikanern \u00fcber unsere Vorstellungen von TTIP sprechen&#8220;<br \/>\nBundeslandwirtschaftsminister Schmidt zieht positive Bilanz seiner Gespr\u00e4che in den USA<\/p>\n<p>Zentrales Thema beim Besuch von Bundeslandwirtschaftsminister Christian Schmidt am Mittwoch und Donnerstag in Washington war das geplante Transatlantische Handelsabkommen zwischen den USA und der EU, TTIP. Gemeinsam mit seinem amerikanischen Amtskollegen Tom Vilsack betonte Schmidt im Anschluss an sein Gespr\u00e4ch, wie wichtig es sei, die Verhandlungen so weit wie m\u00f6glich transparent zu gestalten. \u201eDas Vertrauen der B\u00fcrger ist essentiell, um dieses wichtige Abkommen zustande zu bringen. TTIP gibt es uns gro\u00dfe wirtschaftliche, ordnungspolitische und geostrategische M\u00f6glichkeiten \u2013 aber nur wenn die B\u00fcrger verstehen, worum es geht\u201c, sagte Schmidt. Die hohen deutschen Verbraucherstandards seien aber nicht verhandelbar, betonte Schmidt.<\/p>\n<p><a href=\"https:\/\/www.frankensicht.de\/?attachment_id=7527\" rel=\"attachment wp-att-7527\"><img loading=\"lazy\" decoding=\"async\" class=\"alignnone size-medium wp-image-7527\" src=\"https:\/\/www.frankensicht.de\/wp-content\/uploads\/2014\/08\/heu-300x225.jpg\" alt=\"heu\" width=\"300\" height=\"225\" srcset=\"https:\/\/www.frankensicht.de\/wp-content\/uploads\/2014\/08\/heu-300x225.jpg 300w, https:\/\/www.frankensicht.de\/wp-content\/uploads\/2014\/08\/heu.jpg 640w\" sizes=\"auto, (max-width: 300px) 100vw, 300px\" \/><\/a><\/p>\n<p>Der Minister machte deutlich, dass seine Gespr\u00e4che in der US-Hauptstadt gepr\u00e4gt waren, vom Wunsch beider Seiten, das Abkommen zu einem Erfolg zu machen. &#8222;Es gab einen hervorragenden, offenen Meinungsaustausch, bei dem auch deutlich wurde, dass unsere amerikanischen Partner, hohe Erwartungen haben&#8220;, so Schmidt. Er sprach neben Vilsack auch mit dem amerikanischen TTIP-Verhandlungsf\u00fchrer Froman. Dabei sei klar geworden, dass das Abkommen mehr sei als ein Handelsabkommen, sondern es insgesamt um eine intensive und noch bessere Zusammenarbeit in allen Bereichen zwischen der EU und den USA gehe, erl\u00e4uterte Schmidt.<\/p>\n<p>W\u00e4hrend seines zwei-t\u00e4gigen Besuchs kam er auch mit der Congressional Study Group verschiedener f\u00fchrender US-Abgeordneter von Republikanern und Demokraten zusammen. Bei diesem Gespr\u00e4ch ging es vor allem um den hohen B\u00fcrokratieaufwand f\u00fcr deutsche Unternehmen beim Export von Lebensmitteln in die USA. \u201eTTIP bietet die Chance, Handelshemmnisse zu beseitigen und viel B\u00fcrokratie f\u00fcr unsere Unternehmen zu beseitigen. Klar ist dabei aber auch immer, dass unsere Standards nicht hinterfragt werden\u201c, erl\u00e4uterte Schmidt.<\/p>\n<p>Bei einem Mittagessen auf Einladung des deutschen Repr\u00e4sentanten f\u00fcr Investitionen und Handel machte sich der Bundesminister zudem zusammen mit Unternehmensvertretern deutscher Firmen in den USA ein Bild von deren Erfahrungen auf dem amerikanischen Markt. &#8222;Mein Besuch hier hat mir gezeigt, dass wir uns gegenseitig noch viele Informationen \u00fcber unsere Vorstellungen geben m\u00fcssen. Wenn wir mehr \u00fcbereinander wissen und die Argumente kennen, dann bin ich zuversichtlich, dass das Abkommen kommen wird&#8220;, bilanzierte Schmidt zum Ende seiner politischen Gespr\u00e4che.<\/p>\n<p>Schmidt wurde bei seinem Besuch begleitet von einer Delegation aus vier Bundestagsabgeordneten aus dem Agrarausschuss.<\/p>\n<p>Quelle:bmel.bund.de<\/p>\n","protected":false},"excerpt":{"rendered":"<p>Berlin: \u201eWir m\u00fcssen mit den Amerikanern \u00fcber unsere Vorstellungen von TTIP sprechen&#8220; Bundeslandwirtschaftsminister Schmidt zieht positive Bilanz seiner Gespr\u00e4che in den USA Zentrales Thema beim Besuch von Bundeslandwirtschaftsminister Christian Schmidt am Mittwoch und Donnerstag in Washington war das geplante Transatlantische Handelsabkommen zwischen den USA und der EU, TTIP. Gemeinsam mit seinem amerikanischen Amtskollegen Tom Vilsack [&hellip;]<\/p>\n","protected":false},"author":7,"featured_media":7527,"comment_status":"closed","ping_status":"open","sticky":false,"template":"","format":"standard","meta":{"footnotes":""},"categories":[44,3],"tags":[1614],"class_list":["post-7903","post","type-post","status-publish","format-standard","has-post-thumbnail","hentry","category-deutschland-2","category-news","tag-ttip"],"_links":{"self":[{"href":"https:\/\/www.frankensicht.de\/index.php?rest_route=\/wp\/v2\/posts\/7903","targetHints":{"allow":["GET"]}}],"collection":[{"href":"https:\/\/www.frankensicht.de\/index.php?rest_route=\/wp\/v2\/posts"}],"about":[{"href":"https:\/\/www.frankensicht.de\/index.php?rest_route=\/wp\/v2\/types\/post"}],"author":[{"embeddable":true,"href":"https:\/\/www.frankensicht.de\/index.php?rest_route=\/wp\/v2\/users\/7"}],"replies":[{"embeddable":true,"href":"https:\/\/www.frankensicht.de\/index.php?rest_route=%2Fwp%2Fv2%2Fcomments&post=7903"}],"version-history":[{"count":0,"href":"https:\/\/www.frankensicht.de\/index.php?rest_route=\/wp\/v2\/posts\/7903\/revisions"}],"wp:featuredmedia":[{"embeddable":true,"href":"https:\/\/www.frankensicht.de\/index.php?rest_route=\/wp\/v2\/media\/7527"}],"wp:attachment":[{"href":"https:\/\/www.frankensicht.de\/index.php?rest_route=%2Fwp%2Fv2%2Fmedia&parent=7903"}],"wp:term":[{"taxonomy":"category","embeddable":true,"href":"https:\/\/www.frankensicht.de\/index.php?rest_route=%2Fwp%2Fv2%2Fcategories&post=7903"},{"taxonomy":"post_tag","embeddable":true,"href":"https:\/\/www.frankensicht.de\/index.php?rest_route=%2Fwp%2Fv2%2Ftags&post=7903"}],"curies":[{"name":"wp","href":"https:\/\/api.w.org\/{rel}","templated":true}]}}